{"id":1704,"date":"2019-06-19T21:56:04","date_gmt":"2019-06-20T02:56:04","guid":{"rendered":"http:\/\/www.zonaroja.com.mx\/?p=1704"},"modified":"2019-06-19T21:56:06","modified_gmt":"2019-06-20T02:56:06","slug":"detencion-de-presunto-lider-criminal-desata-bloqueos-en-oaxaca","status":"publish","type":"post","link":"https:\/\/zonaroja.com.mx\/?p=1704","title":{"rendered":"Detenci\u00f3n de presunto l\u00edder criminal desata bloqueos en Oaxaca"},"content":{"rendered":"\n<p>Ismael\nGarc\u00eda M.<\/p>\n\n\n\n<p>Oaxaca de\nJu\u00e1rez, Oax.- La Fiscal\u00eda General de la Rep\u00fablica (FGR) confirm\u00f3 la aprehensi\u00f3n\nen la ciudad de Oaxaca de Carlos Abraham R. S., presunto l\u00edder de una banda del\ncrimen organizado dedicada al tr\u00e1fico de estupefacientes y a la extorsi\u00f3n de\ncomerciantes.<\/p>\n\n\n\n<p>La detenci\u00f3n\nocurri\u00f3 este mi\u00e9rcoles poco despu\u00e9s del mediod\u00eda, en inmediaciones del Mercado\nde Abasto y seg\u00fan los primeros datos oficiales, se le aseguraron cuatro armas\nde fuego de uso exclusivo del Ej\u00e9rcito, Marina y Fuerza A\u00e9rea, as\u00ed como droga.<\/p>\n\n\n\n<p>Tras ello,\ntransportistas de la Confederaci\u00f3n de Trabajadores y Empleados de M\u00e9xico\n(CATEM), entre ellos taxistas y de transporte de materiales, se apostaron en\ndiversos cruceros de acceso a la capital.<\/p>\n\n\n\n<p>Alrededor de\nlas cinco de la tarde iniciaron bloqueos a los principales cruceros de ingreso\na la ciudad; dos horas despu\u00e9s se replegaron nuevamente.<\/p>\n\n\n\n<p>De acuerdo\ncon la FGR, personal de la Polic\u00eda Federal Ministerial de la Fiscal\u00eda General\nde la Rep\u00fablica (FGR), en coordinaci\u00f3n con agentes de la Fiscal\u00eda General de\nOaxaca, lograron la aprehensi\u00f3n de quien identifican como el presunto l\u00edder del\nC\u00e1rtel del Golfo en la zona de los Valles Centrales de Oaxaca.<\/p>\n\n\n\n<p>Indic\u00f3 que\nCarlos Abraham es investigado por la FGR por su presunta relaci\u00f3n el trasiego\nde drogas a entidades localizadas en la frontera con Estados Unidos, y se le\nrelaciona con la comisi\u00f3n de extorsiones a comerciantes.<\/p>\n\n\n\n<p>Fue puesto a\ndisposici\u00f3n del Ministerio P\u00fablico de la Fiscal\u00eda federal, con sede en San\nBartolo Coyotepec, al sur de la ciudad.<\/p>\n\n\n\n<p>El gobierno de Oaxaca no ha emitido ning\u00fan comunicado al respecto.<\/p>\n\n\n\n<figure class=\"wp-block-embed-twitter wp-block-embed is-type-rich is-provider-twitter\"><div class=\"wp-block-embed__wrapper\">\n<div class=\"twitter-tweet\"><blockquote class=\"twitter-tweet\" data-lang=\"es\"><p lang=\"es\" dir=\"ltr\"><a href=\"https:\/\/twitter.com\/hashtag\/OaxacaRojo?src=hash&amp;ref_src=twsrc%5Etfw\">#OaxacaRojo<\/a><br>Aspecto de uno de los varios bloqueos a cruceros de la capital oaxaque\u00f1a y zona conurbada, por parte de transportistas de la CATEM, para exigir la liberaci\u00f3n de su dirigente Carlos Abraham R. S., aprehendido hoy. <a href=\"https:\/\/t.co\/0wooq0imuK\">pic.twitter.com\/0wooq0imuK<\/a><\/p>&mdash; Zona Roja Oaxaca (@MexRoja) <a href=\"https:\/\/twitter.com\/MexRoja\/status\/1141492369667309574?ref_src=twsrc%5Etfw\">19 de junio de 2019<\/a><\/blockquote><\/div>\n<\/div><\/figure>\n\n\n\n<p>COMUNICADOS\nDISCORDANTES<\/p>\n\n\n\n<p>La organizaci\u00f3n\nque emiti\u00f3 dos supuestos comunicados fue la CATEM; en el primero indic\u00f3:<\/p>\n\n\n\n<p>\u201cAnte la\ndetenci\u00f3n arbitraria de nuestro compa\u00f1ero Carlos R. S., hacemos del\nconocimiento de la opini\u00f3n p\u00fablica que a partir de las 17:00 horas de este d\u00eda,\niniciaremos con bloqueos intermitentes en diferentes puntos del estado.<\/p>\n\n\n\n<p>\u201cExigimos a\nla Fiscal\u00eda de Justicia que act\u00fae con pleno derecho, ya que los Agentes\nEstatales de Investigaci\u00f3n, quienes hicieron la detenci\u00f3n, pretenden sembrarle\narmas y droga, para pretender acreditarle diferentes delitos\u201d.<\/p>\n\n\n\n<p>Tras los\ncierres de vialidades, se difundi\u00f3 otro comunicado, firmado desde la Ciudad de\nM\u00e9xico:<\/p>\n\n\n\n<p>\u201cLa CATEM desmiente categ\u00f3ricamente toda versi\u00f3n que se\u00f1ale la organizaci\u00f3n de bloqueos en la ciudad de Oaxaca de Ju\u00e1rez y cualquier otro punto del territorio nacional. Uno de los m\u00e1ximos pilares de nuestro movimiento sindical es la defensa pac\u00edfica de los derechos de los trabajadores a trav\u00e9s del di\u00e1logo y la conciliaci\u00f3n\u201d.<\/p>\n\n\n\n<figure class=\"wp-block-embed-twitter wp-block-embed is-type-rich is-provider-twitter\"><div class=\"wp-block-embed__wrapper\">\n<div class=\"twitter-tweet\"><blockquote class=\"twitter-tweet\" data-lang=\"es\"><p lang=\"es\" dir=\"ltr\"><a href=\"https:\/\/twitter.com\/hashtag\/OaxacaRojo?src=hash&amp;ref_src=twsrc%5Etfw\">#OaxacaRojo<\/a><a href=\"https:\/\/twitter.com\/hashtag\/OaxacaRojo?src=hash&amp;ref_src=twsrc%5Etfw\">#OaxacaRojo<\/a><br>\u00daLTIMAHORA<br>Tras aprehensi\u00f3n de Abraham R. S., alias \u201cEl Oaxaco\u201d, transportistas de la Confederaci\u00f3n Aut\u00f3noma de Trabajadores y Empleados de M\u00e9xico (CATEM), se concentran en el crucero de Viguera, al poniente de la ciudad de Oaxaca, para exigir liberaci\u00f3n. <a href=\"https:\/\/t.co\/s420BtAkiW\">pic.twitter.com\/s420BtAkiW<\/a><\/p>&mdash; Zona Roja Oaxaca (@MexRoja) <a href=\"https:\/\/twitter.com\/MexRoja\/status\/1141450151317385216?ref_src=twsrc%5Etfw\">19 de junio de 2019<\/a><\/blockquote><\/div>\n<\/div><\/figure>\n\n\n\n<p>EL PANFLETO<\/p>\n\n\n\n<p>En ese\ncontexto, en redes sociales circul\u00f3 un a\u00f1ejo documento digital, que involucra\nal Fiscal General, Rub\u00e9n Vasconcelos M\u00e9ndez:<\/p>\n\n\n\n<p>\u201cBrinda\nprotecci\u00f3n a las personas que su primo Jaime Paz (dirigente de CATEM) le\nordena, teniendo como recompensa aportaciones de lo que perciben por parte del\nnarcomenudeo y extorsiones que llevan a cabo \u201cEl Oaxaco\u201d, Ren\u00e9 Hern\u00e1ndez y\nPablo Hern\u00e1ndez\u201d.<\/p>\n\n\n\n<p>De Jaime Paz\nrefiere: \u201cEx polic\u00eda de Caminos y Puentes dado de baja por p\u00e9simo desempe\u00f1o.\nDirigente de CATEM en el estado de Oaxaca y primo inc\u00f3modo del fiscal Rub\u00e9n\nVasconcelos, el \u2018Marco S\u00e1nchez\u2019 de Jos\u00e9 Murat\u201d.<\/p>\n\n\n\n<p>En ese\ncontexto, CATEM nacional poste\u00f3 un video: \u201cDurante la 108 Asamblea anual en\nGinebra, Jaime Paz, l\u00edder de Oaxaca y miembro de la Delegaci\u00f3n CATEM comparti\u00f3\nlos avances sindicales que se han logrado con la #ReformaLaboral en M\u00e9xico\u201d.<\/p>\n\n\n\n<p>En el video, el dirigente de transportistas explica: \u201cHoy el sindicalismo que nosotros representamos, es un sindicalismo moderno, que trabaja de la mano arm\u00f3nicamente con los empleadores, los trabajadores y las autoridades, relaci\u00f3n que queremos sea en beneficio de todos los mexicanos\u201d.<\/p>\n\n\n\n<figure class=\"wp-block-embed-twitter wp-block-embed is-type-rich is-provider-twitter\"><div class=\"wp-block-embed__wrapper\">\n<div class=\"twitter-tweet\"><blockquote class=\"twitter-tweet\" data-lang=\"es\"><p lang=\"es\" dir=\"ltr\">Durante la 108 Asamblea anual en Ginebra, Jaime Paz, l\u00edder de Oaxaca y miembro de la Delegaci\u00f3n CATEM comparti\u00f3 los avances sindicales que se han logrado con la <a href=\"https:\/\/twitter.com\/hashtag\/ReformaLaboral?src=hash&amp;ref_src=twsrc%5Etfw\">#ReformaLaboral<\/a> en M\u00e9xico. <a href=\"https:\/\/t.co\/1AHpiPOQIU\">pic.twitter.com\/1AHpiPOQIU<\/a><\/p>&mdash; CATEM M\u00c9XICO (@CatemNacional) <a href=\"https:\/\/twitter.com\/CatemNacional\/status\/1141466937513390080?ref_src=twsrc%5Etfw\">19 de junio de 2019<\/a><\/blockquote><\/div>\n<\/div><\/figure>\n","protected":false},"excerpt":{"rendered":"<p>Ismael Garc\u00eda M. Oaxaca de Ju\u00e1rez, Oax.- La Fiscal\u00eda General de la Rep\u00fablica (FGR) confirm\u00f3&hellip;<\/p>\n","protected":false},"author":2,"featured_media":1705,"comment_status":"closed","ping_status":"open","sticky":false,"template":"","format":"standard","meta":{"_lmt_disableupdate":"","_lmt_disable":"","_jetpack_memberships_contains_paid_content":false,"footnotes":""},"categories":[109,51],"tags":[157,85,59,158,58],"class_list":["post-1704","post","type-post","status-publish","format-standard","has-post-thumbnail","hentry","category-minuto-a-minuto","category-zona-roja","tag-catem","tag-crimen-organizado","tag-fiscalia-general-del-estado","tag-mercado-de-abasto","tag-oaxaca"],"jetpack_featured_media_url":"https:\/\/zonaroja.com.mx\/wp-content\/uploads\/2019\/06\/Detenci\u00f3n-dirigente-CATEM.jpg","jetpack_sharing_enabled":true,"_links":{"self":[{"href":"https:\/\/zonaroja.com.mx\/index.php?rest_route=\/wp\/v2\/posts\/1704","targetHints":{"allow":["GET"]}}],"collection":[{"href":"https:\/\/zonaroja.com.mx\/index.php?rest_route=\/wp\/v2\/posts"}],"about":[{"href":"https:\/\/zonaroja.com.mx\/index.php?rest_route=\/wp\/v2\/types\/post"}],"author":[{"embeddable":true,"href":"https:\/\/zonaroja.com.mx\/index.php?rest_route=\/wp\/v2\/users\/2"}],"replies":[{"embeddable":true,"href":"https:\/\/zonaroja.com.mx\/index.php?rest_route=%2Fwp%2Fv2%2Fcomments&post=1704"}],"version-history":[{"count":1,"href":"https:\/\/zonaroja.com.mx\/index.php?rest_route=\/wp\/v2\/posts\/1704\/revisions"}],"predecessor-version":[{"id":1706,"href":"https:\/\/zonaroja.com.mx\/index.php?rest_route=\/wp\/v2\/posts\/1704\/revisions\/1706"}],"wp:featuredmedia":[{"embeddable":true,"href":"https:\/\/zonaroja.com.mx\/index.php?rest_route=\/wp\/v2\/media\/1705"}],"wp:attachment":[{"href":"https:\/\/zonaroja.com.mx\/index.php?rest_route=%2Fwp%2Fv2%2Fmedia&parent=1704"}],"wp:term":[{"taxonomy":"category","embeddable":true,"href":"https:\/\/zonaroja.com.mx\/index.php?rest_route=%2Fwp%2Fv2%2Fcategories&post=1704"},{"taxonomy":"post_tag","embeddable":true,"href":"https:\/\/zonaroja.com.mx\/index.php?rest_route=%2Fwp%2Fv2%2Ftags&post=1704"}],"curies":[{"name":"wp","href":"https:\/\/api.w.org\/{rel}","templated":true}]}}