{"id":17041,"date":"2020-08-31T21:56:15","date_gmt":"2020-09-01T02:56:15","guid":{"rendered":"http:\/\/www.zonaroja.com.mx\/?p=17041"},"modified":"2020-09-01T06:04:52","modified_gmt":"2020-09-01T11:04:52","slug":"inicia-legislador-jornada-de-reforestacion-en-valles-centrales","status":"publish","type":"post","link":"https:\/\/zonaroja.com.mx\/?p=17041","title":{"rendered":"Inicia legislador jornada de reforestaci\u00f3n en Valles Centrales"},"content":{"rendered":"\n<p>Redacci\u00f3n\/Zona Roja.<\/p>\n\n\n\n<p>Oaxaca de Ju\u00e1rez, Oax., 31 de agosto de 2020.- En Oaxaca se pierden anualmente cerca de 30 mil hect\u00e1reas de bosque al a\u00f1o, de acuerdo con datos de la delegaci\u00f3n de la Secretar\u00eda de Medio Ambiente y Recursos Naturales (Semarnat).<\/p>\n\n\n\n<p>Por lo que resulta urgente tomar acciones para contrarrestar este da\u00f1o ambiental, manifest\u00f3 el diputado local Horacio Sosa Villavicencio, al encabezar la jornada de reforestaci\u00f3n \u201cHoy siembra vida\u201d, iniciada en el paraje \u201cCerro del alacr\u00e1n\u201d, en el municipio de San Mart\u00edn Tilcajete.<\/p>\n\n\n\n<p>En este sentido, el representante popular del distrito 16 con cabecera en Zimatl\u00e1n de \u00c1lvarez, indic\u00f3 que esta jornada se desarroll\u00f3 tambi\u00e9n en dicho municipio, acciones que se realizan en defensa de la madre tierra.<\/p>\n\n\n\n<p>\u201cAgradezco a la autoridad municipal, a la autoridad agraria y a la sociedad civil organizada por acudir a este llamado en beneficio de nuestra madre tierra. Sembramos \u00e1rboles de Copal, una especie que, adem\u00e1s de ser agradecida, es parte de la identidad de este municipio\u201d, puntualiz\u00f3 el diputado morenista.<\/p>\n\n\n\n<p>Dijo que en M\u00e9xico se pierden 175 mil hect\u00e1reas de bosque al a\u00f1o, de acuerdo con datos de la Comisi\u00f3n Nacional Forestal, M\u00e9xico tiene una superficie forestal de 138.04 millones de hect\u00e1reas, equivalente a 70 por ciento del territorio nacional, por lo que resulta fundamental su conservaci\u00f3n.<\/p>\n\n\n\n<p>Es importante se\u00f1alar que esta actividad de reforestaci\u00f3n se realiza de manera conjunta con la sociedad civil y las autoridades municipales, con quienes se trabaja en coordinaci\u00f3n para fomentar la jornada y preservar las especies en cada comunidad.<\/p>\n\n\n\n<p>La deforestaci\u00f3n trae consigo una grave disminuci\u00f3n en el suministro de agua a nivel nacional, y altera el equilibrio clim\u00e1tico, situaci\u00f3n que se pretende revertir con estas acciones.<\/p>\n","protected":false},"excerpt":{"rendered":"<p>Redacci\u00f3n\/Zona Roja. Oaxaca de Ju\u00e1rez, Oax., 31 de agosto de 2020.- En Oaxaca se pierden&hellip;<\/p>\n","protected":false},"author":2,"featured_media":17044,"comment_status":"closed","ping_status":"open","sticky":false,"template":"","format":"standard","meta":{"_lmt_disableupdate":"","_lmt_disable":"","_jetpack_memberships_contains_paid_content":false,"footnotes":""},"categories":[109,46],"tags":[444],"class_list":["post-17041","post","type-post","status-publish","format-standard","has-post-thumbnail","hentry","category-minuto-a-minuto","category-zona-blanca","tag-horacio-sosa-villavicencio"],"jetpack_featured_media_url":"https:\/\/zonaroja.com.mx\/wp-content\/uploads\/2020\/08\/c02a19f9-9105-4f58-af02-c43e4c339153.jpg","jetpack_sharing_enabled":true,"_links":{"self":[{"href":"https:\/\/zonaroja.com.mx\/index.php?rest_route=\/wp\/v2\/posts\/17041","targetHints":{"allow":["GET"]}}],"collection":[{"href":"https:\/\/zonaroja.com.mx\/index.php?rest_route=\/wp\/v2\/posts"}],"about":[{"href":"https:\/\/zonaroja.com.mx\/index.php?rest_route=\/wp\/v2\/types\/post"}],"author":[{"embeddable":true,"href":"https:\/\/zonaroja.com.mx\/index.php?rest_route=\/wp\/v2\/users\/2"}],"replies":[{"embeddable":true,"href":"https:\/\/zonaroja.com.mx\/index.php?rest_route=%2Fwp%2Fv2%2Fcomments&post=17041"}],"version-history":[{"count":1,"href":"https:\/\/zonaroja.com.mx\/index.php?rest_route=\/wp\/v2\/posts\/17041\/revisions"}],"predecessor-version":[{"id":17042,"href":"https:\/\/zonaroja.com.mx\/index.php?rest_route=\/wp\/v2\/posts\/17041\/revisions\/17042"}],"wp:featuredmedia":[{"embeddable":true,"href":"https:\/\/zonaroja.com.mx\/index.php?rest_route=\/wp\/v2\/media\/17044"}],"wp:attachment":[{"href":"https:\/\/zonaroja.com.mx\/index.php?rest_route=%2Fwp%2Fv2%2Fmedia&parent=17041"}],"wp:term":[{"taxonomy":"category","embeddable":true,"href":"https:\/\/zonaroja.com.mx\/index.php?rest_route=%2Fwp%2Fv2%2Fcategories&post=17041"},{"taxonomy":"post_tag","embeddable":true,"href":"https:\/\/zonaroja.com.mx\/index.php?rest_route=%2Fwp%2Fv2%2Ftags&post=17041"}],"curies":[{"name":"wp","href":"https:\/\/api.w.org\/{rel}","templated":true}]}}