{"id":17045,"date":"2020-08-31T22:39:13","date_gmt":"2020-09-01T03:39:13","guid":{"rendered":"https:\/\/www.zonaroja.com.mx\/?p=17045"},"modified":"2020-08-31T22:39:17","modified_gmt":"2020-09-01T03:39:17","slug":"tension-en-san-mateo-del-mar-por-lio-con-mototaxistas","status":"publish","type":"post","link":"https:\/\/zonaroja.com.mx\/?p=17045","title":{"rendered":"Tensi\u00f3n en San Mateo del Mar por l\u00edo con mototaxistas"},"content":{"rendered":"\n<p class=\"MsoNormal\">Evlin Arag\u00f3n\/Zona Roja.<\/p>\n\n\n\n<p class=\"MsoNormal\">Oaxaca de Ju\u00e1rez, Oax., 31 de agosto de 2020.- Este domingo fue suspendido el servicio de mototaxis en el municipio de San Mateo del Mar, lo que provoc\u00f3 la inconformidad de la poblaci\u00f3n, que a\u00fan espera justicia por la masacre cometida hace m\u00e1s de dos meses en la agencia de Huazantl\u00e1n del R\u00edo.&nbsp;<\/p>\n\n\n\n<p class=\"MsoNormal\">Tal y como lo describe el oficio firmado por Esteban Antill\u00f3n y Alberto Dupl\u00e1n, representantes de la Alcald\u00eda \u00danica Municipal y dirigido a representantes de los servicios de transporte, la suspensi\u00f3n se registr\u00f3 este 30 de agosto con la intenci\u00f3n de llevar a cabo una asamblea general en la cabecera municipal.&nbsp;<\/p>\n\n\n\n<p class=\"MsoNormal\">Explicaron que, con el fin de hacer valer la decisi\u00f3n del pueblo, previo a petici\u00f3n y con el aval de sus usos y costumbres, la autoridad anunci\u00f3 recorridos de vigilancia y sanciones para los choferes que brindaran el servicio, situaci\u00f3n que caus\u00f3 inconformidad y regres\u00f3 la tensi\u00f3n a la zona que se ha visto afectada con la violencia.&nbsp;&nbsp;<\/p>\n\n\n\n<p class=\"MsoNormal\">A trav\u00e9s de mensajes e incluso notas informativas en medios locales, se hizo evidente la molestia de una parte de la poblaci\u00f3n, que cuestion\u00f3 a las autoridades se\u00f1aladas como responsables de la masacre, quienes contin\u00faan al frente de la localidad sin recibir castigo o siquiera ser investigados al respecto.&nbsp;<\/p>\n\n\n\n<p class=\"MsoNormal\">Adem\u00e1s, refirieron que as\u00ed iniciaron los hechos que derivaron en la masacre, primero con una convocatoria de asamblea, luego con la intervenci\u00f3n de algunas autoridades y la suspensi\u00f3n de los servicios, para despu\u00e9s terminar en la agresi\u00f3n armada.&nbsp;&nbsp;<\/p>\n\n\n\n<p class=\"MsoNormal\">\u201cLa paz no llegar\u00e1 hasta que no se haga justicia\u201d refiere un mensaje que se difundi\u00f3 a trav\u00e9s de las redes sociales y donde se hace referencia que a pesar de la violencia que se vivi\u00f3 en la zona, y que dej\u00f3 como saldo 15 personas muertas, las autoridades sigan como si nada hubiera pasado.&nbsp;&nbsp;<\/p>\n\n\n\n<p class=\"MsoNormal\">As\u00ed mismo, expusieron que a m\u00e1s de 60 d\u00eda de los hechos, la Fiscal\u00eda General de Justicia del Estado, encabezada por Rub\u00e9n Vasconcelos M\u00e9ndez, no realice siquiera las investigaciones en torno a los se\u00f1alamientos hechos por las familias de las v\u00edctimas y por tanto no exista nadie pagando a\u00fan por los cr\u00edmenes.&nbsp;<\/p>\n\n\n\n<p class=\"MsoNormal\">\u201cDolientes de la masacre de las 15 v\u00edctimas no han visto avances en la impartici\u00f3n de justicia, quienes acusan a los l\u00edderes priistas como Laura Fiallo, Camerino D\u00e1valos y Jos\u00e9 Luis Ch\u00e1vez, buscan que paguen por el crimen de la matanza de sus propios hermanos\u201d, manifestaron.&nbsp;<\/p>\n\n\n\n<p class=\"MsoNormal\">Por lo anterior mantienen la exigencia de justicia, que en caso de no llegar mantendr\u00e1 en la incertidumbre y la tensi\u00f3n en la zona.&nbsp;<\/p>\n\n\n\n<p class=\"MsoNormal\">Apenas el 24 de agosto organizaciones sociales se movilizaron en la capital del estado para exigir justicia, tanto a la Fiscal\u00eda como al gobierno federal, al considerar nulos avances.<\/p>\n","protected":false},"excerpt":{"rendered":"<p>Evlin Arag\u00f3n\/Zona Roja. Oaxaca de Ju\u00e1rez, Oax., 31 de agosto de 2020.- Este domingo fue&hellip;<\/p>\n","protected":false},"author":2,"featured_media":15275,"comment_status":"closed","ping_status":"open","sticky":false,"template":"","format":"standard","meta":{"_lmt_disableupdate":"","_lmt_disable":"","_jetpack_memberships_contains_paid_content":false,"footnotes":""},"categories":[109,47],"tags":[605],"class_list":["post-17045","post","type-post","status-publish","format-standard","has-post-thumbnail","hentry","category-minuto-a-minuto","category-zona-gris","tag-san-mateo-del-mar"],"jetpack_featured_media_url":"https:\/\/zonaroja.com.mx\/wp-content\/uploads\/2020\/07\/San-Mateo-del-Mar1.jpg","jetpack_sharing_enabled":true,"_links":{"self":[{"href":"https:\/\/zonaroja.com.mx\/index.php?rest_route=\/wp\/v2\/posts\/17045","targetHints":{"allow":["GET"]}}],"collection":[{"href":"https:\/\/zonaroja.com.mx\/index.php?rest_route=\/wp\/v2\/posts"}],"about":[{"href":"https:\/\/zonaroja.com.mx\/index.php?rest_route=\/wp\/v2\/types\/post"}],"author":[{"embeddable":true,"href":"https:\/\/zonaroja.com.mx\/index.php?rest_route=\/wp\/v2\/users\/2"}],"replies":[{"embeddable":true,"href":"https:\/\/zonaroja.com.mx\/index.php?rest_route=%2Fwp%2Fv2%2Fcomments&post=17045"}],"version-history":[{"count":1,"href":"https:\/\/zonaroja.com.mx\/index.php?rest_route=\/wp\/v2\/posts\/17045\/revisions"}],"predecessor-version":[{"id":17046,"href":"https:\/\/zonaroja.com.mx\/index.php?rest_route=\/wp\/v2\/posts\/17045\/revisions\/17046"}],"wp:featuredmedia":[{"embeddable":true,"href":"https:\/\/zonaroja.com.mx\/index.php?rest_route=\/wp\/v2\/media\/15275"}],"wp:attachment":[{"href":"https:\/\/zonaroja.com.mx\/index.php?rest_route=%2Fwp%2Fv2%2Fmedia&parent=17045"}],"wp:term":[{"taxonomy":"category","embeddable":true,"href":"https:\/\/zonaroja.com.mx\/index.php?rest_route=%2Fwp%2Fv2%2Fcategories&post=17045"},{"taxonomy":"post_tag","embeddable":true,"href":"https:\/\/zonaroja.com.mx\/index.php?rest_route=%2Fwp%2Fv2%2Ftags&post=17045"}],"curies":[{"name":"wp","href":"https:\/\/api.w.org\/{rel}","templated":true}]}}