{"id":17048,"date":"2020-08-31T23:03:10","date_gmt":"2020-09-01T04:03:10","guid":{"rendered":"https:\/\/www.zonaroja.com.mx\/?p=17048"},"modified":"2020-08-31T23:03:14","modified_gmt":"2020-09-01T04:03:14","slug":"inicia-oaxaca-en-semaforo-amarillo-con-10-decesos-y-49-casos-positivos","status":"publish","type":"post","link":"https:\/\/zonaroja.com.mx\/?p=17048","title":{"rendered":"Inicia Oaxaca en sem\u00e1foro amarillo con 10 decesos y 49 casos positivos"},"content":{"rendered":"\n<p class=\"MsoNormal\">Redacci\u00f3n\/Zona Roja.<\/p>\n\n\n\n<p class=\"MsoNormal\">Oaxaca de Ju\u00e1rez, Oax. 31 de agosto de 2020.- Durante el primer d\u00eda en que la entidad entr\u00f3 al sem\u00e1foro amarillo epidemiol\u00f3gico, los Servicios de Salud de Oaxaca (SSO) informaron que se registran 13 mil 699 casos acumulados de Covid-19, 49 m\u00e1s que ayer domingo; as\u00ed como mil 280 defunciones, un incremento de 10 con respecto al corte previo.<\/p>\n\n\n\n<p class=\"MsoNormal\">En un comunicado, la dependencia destac\u00f3 que hasta este 31 de agosto se han recuperado 11 mil 961 personas del padecimiento respiratorio, se tiene en espera de resultados 628 muestras y del total de confirmados, s\u00f3lo 458 se encuentra en etapa activa.<\/p>\n\n\n\n<p class=\"MsoNormal\">En cuanto a la ocupaci\u00f3n hospitalaria, mencion\u00f3 que&nbsp;<a href=\"\/\/4\">este lunes<\/a>&nbsp;se encuentra al 39.1%, de este global, 46% equivale a camas de observaci\u00f3n, mientras que el 25.8% son con ventilador.&nbsp;<\/p>\n\n\n\n<p class=\"MsoNormal\">Asimismo, de los 13 mil 699 positivos acumulados, tres mil 005 han requerido ingreso a la red m\u00e9dica del sector Salud y 10 mil 694 han sido ambulatorios.<\/p>\n\n\n\n<p class=\"MsoNormal\">A\u00f1adi\u00f3 que la Jurisdicci\u00f3n Sanitaria de Valles Centrales sigue a la cabeza con la mayor incidencia, con nueve mil 033 pacientes acumulados, seguido por Tuxtepec con mil 601, Istmo mil 403, Mixteca 833, Costa 597 y Sierra 232.<\/p>\n\n\n\n<p class=\"MsoNormal\">Agreg\u00f3 que en el informe epidemiol\u00f3gico de este d\u00eda, se detectaron 18 municipios con nuevos casos: 10 en Oaxaca de Ju\u00e1rez, cinco en Santa Mar\u00eda Huatulco, cuatro en Santa Cruz Xoxocotl\u00e1n y mismo n\u00famero en Santa Luc\u00eda del Camino, adem\u00e1s de tres en Heroica Ciudad de Huajuapan de Le\u00f3n y San Bartolo Coyotepec, el resto de ayuntamientos un caso cada uno.<\/p>\n\n\n\n<p class=\"MsoNormal\">Exhort\u00f3 a la poblaci\u00f3n no descuidar las medidas de prevenci\u00f3n como el lavado de manos con agua y jab\u00f3n, mantener la sana distancia, uso y desecho correcto del cubrebocas, adem\u00e1s de no asistir a lugares concurridos, para evitar contagios de Covid-19.<\/p>\n","protected":false},"excerpt":{"rendered":"<p>Redacci\u00f3n\/Zona Roja. Oaxaca de Ju\u00e1rez, Oax. 31 de agosto de 2020.- Durante el primer d\u00eda&hellip;<\/p>\n","protected":false},"author":2,"featured_media":17047,"comment_status":"closed","ping_status":"open","sticky":false,"template":"","format":"standard","meta":{"_lmt_disableupdate":"","_lmt_disable":"","_jetpack_memberships_contains_paid_content":false,"footnotes":""},"categories":[1,47],"tags":[1497],"class_list":["post-17048","post","type-post","status-publish","format-standard","has-post-thumbnail","hentry","category-sin-categoria","category-zona-gris","tag-coronavirus-en-oaxaca"],"jetpack_featured_media_url":"https:\/\/zonaroja.com.mx\/wp-content\/uploads\/2020\/08\/img_5599.jpg","jetpack_sharing_enabled":true,"_links":{"self":[{"href":"https:\/\/zonaroja.com.mx\/index.php?rest_route=\/wp\/v2\/posts\/17048","targetHints":{"allow":["GET"]}}],"collection":[{"href":"https:\/\/zonaroja.com.mx\/index.php?rest_route=\/wp\/v2\/posts"}],"about":[{"href":"https:\/\/zonaroja.com.mx\/index.php?rest_route=\/wp\/v2\/types\/post"}],"author":[{"embeddable":true,"href":"https:\/\/zonaroja.com.mx\/index.php?rest_route=\/wp\/v2\/users\/2"}],"replies":[{"embeddable":true,"href":"https:\/\/zonaroja.com.mx\/index.php?rest_route=%2Fwp%2Fv2%2Fcomments&post=17048"}],"version-history":[{"count":1,"href":"https:\/\/zonaroja.com.mx\/index.php?rest_route=\/wp\/v2\/posts\/17048\/revisions"}],"predecessor-version":[{"id":17049,"href":"https:\/\/zonaroja.com.mx\/index.php?rest_route=\/wp\/v2\/posts\/17048\/revisions\/17049"}],"wp:featuredmedia":[{"embeddable":true,"href":"https:\/\/zonaroja.com.mx\/index.php?rest_route=\/wp\/v2\/media\/17047"}],"wp:attachment":[{"href":"https:\/\/zonaroja.com.mx\/index.php?rest_route=%2Fwp%2Fv2%2Fmedia&parent=17048"}],"wp:term":[{"taxonomy":"category","embeddable":true,"href":"https:\/\/zonaroja.com.mx\/index.php?rest_route=%2Fwp%2Fv2%2Fcategories&post=17048"},{"taxonomy":"post_tag","embeddable":true,"href":"https:\/\/zonaroja.com.mx\/index.php?rest_route=%2Fwp%2Fv2%2Ftags&post=17048"}],"curies":[{"name":"wp","href":"https:\/\/api.w.org\/{rel}","templated":true}]}}