{"id":17050,"date":"2020-09-01T07:49:56","date_gmt":"2020-09-01T12:49:56","guid":{"rendered":"http:\/\/www.zonaroja.com.mx\/?p=17050"},"modified":"2020-09-01T07:49:59","modified_gmt":"2020-09-01T12:49:59","slug":"suman-15-colombianos-detenidos-por-la-policia-estatal-en-oaxaca","status":"publish","type":"post","link":"https:\/\/zonaroja.com.mx\/?p=17050","title":{"rendered":"Suman 15 colombianos detenidos por la Polic\u00eda Estatal en Oaxaca"},"content":{"rendered":"\n<p>Redacci\u00f3n\/Zona Roja.<\/p>\n\n\n\n<p>Oaxaca de Ju\u00e1rez, Oax., 1 de septiembre de 2020.- De enero a agosto del presente a\u00f1o, personal de la Polic\u00eda Estatal logr\u00f3 el aseguramiento de 15 personas de nacionalidad colombiana, por presuntos delitos relacionados al robo a casa habitaci\u00f3n, en la regi\u00f3n de los Valles Centrales.<\/p>\n\n\n\n<p>La Secretar\u00eda de Seguridad P\u00fablica de Oaxaca (SSPO) expuso que durante los recorridos de seguridad y vigilancia que realiza cotidianamente y en diversas intervenciones, se ha puesto a disposici\u00f3n de las autoridades correspondiente a diversos individuos.<\/p>\n\n\n\n<p>Entre \u00e9stos se encuentran Bibiana \u00abNN\u00bb, Mateo \u00abNN\u00bb, Ricardo \u00abNN\u00bb, Robin \u00abNN\u00bb, Lina \u00abNN\u00bb, Juan \u00abNN\u00bb, Wilmar \u00abNN\u00bb, Norbey \u00abNN\u00bb, Juli\u00e1n \u00abNN\u00bb, Carlo \u00abNN\u00bb, Jes\u00fas \u00abNN\u00bb, Wilson \u00abNN\u00bb, Welser \u00ab\u00bbNN\u00bb, Cristian \u00abNN\u00bb y Juan \u00abNN\u00bb.<\/p>\n\n\n\n<p>Inform\u00f3 que dichas personas detenidas, contaban con una estancia irregular en el pa\u00eds, realizaban fraudes y extorsionaban a la ciudadan\u00eda, en zonas de la agencia de San Felipe del Agua y la colonia Reforma, principalmente.<\/p>\n\n\n\n<p>Asimismo, estos resultados son muestra del trabajo coordinados que materializan los tres \u00f3rdenes de gobierno, para garantizar el bienestar de las familias en el territorio estatal, detall\u00f3 la dependencia que encabeza Ra\u00fal Ernesto Salcedo Rosales.<\/p>\n","protected":false},"excerpt":{"rendered":"<p>Redacci\u00f3n\/Zona Roja. Oaxaca de Ju\u00e1rez, Oax., 1 de septiembre de 2020.- De enero a agosto&hellip;<\/p>\n","protected":false},"author":2,"featured_media":17051,"comment_status":"closed","ping_status":"open","sticky":false,"template":"","format":"standard","meta":{"_lmt_disableupdate":"","_lmt_disable":"","_jetpack_memberships_contains_paid_content":false,"footnotes":""},"categories":[109,47],"tags":[175],"class_list":["post-17050","post","type-post","status-publish","format-standard","has-post-thumbnail","hentry","category-minuto-a-minuto","category-zona-gris","tag-secretaria-de-seguridad-publica-de-oaxaca"],"jetpack_featured_media_url":"https:\/\/zonaroja.com.mx\/wp-content\/uploads\/2020\/09\/Colombianos-detenidos.jpg","jetpack_sharing_enabled":true,"_links":{"self":[{"href":"https:\/\/zonaroja.com.mx\/index.php?rest_route=\/wp\/v2\/posts\/17050","targetHints":{"allow":["GET"]}}],"collection":[{"href":"https:\/\/zonaroja.com.mx\/index.php?rest_route=\/wp\/v2\/posts"}],"about":[{"href":"https:\/\/zonaroja.com.mx\/index.php?rest_route=\/wp\/v2\/types\/post"}],"author":[{"embeddable":true,"href":"https:\/\/zonaroja.com.mx\/index.php?rest_route=\/wp\/v2\/users\/2"}],"replies":[{"embeddable":true,"href":"https:\/\/zonaroja.com.mx\/index.php?rest_route=%2Fwp%2Fv2%2Fcomments&post=17050"}],"version-history":[{"count":1,"href":"https:\/\/zonaroja.com.mx\/index.php?rest_route=\/wp\/v2\/posts\/17050\/revisions"}],"predecessor-version":[{"id":17052,"href":"https:\/\/zonaroja.com.mx\/index.php?rest_route=\/wp\/v2\/posts\/17050\/revisions\/17052"}],"wp:featuredmedia":[{"embeddable":true,"href":"https:\/\/zonaroja.com.mx\/index.php?rest_route=\/wp\/v2\/media\/17051"}],"wp:attachment":[{"href":"https:\/\/zonaroja.com.mx\/index.php?rest_route=%2Fwp%2Fv2%2Fmedia&parent=17050"}],"wp:term":[{"taxonomy":"category","embeddable":true,"href":"https:\/\/zonaroja.com.mx\/index.php?rest_route=%2Fwp%2Fv2%2Fcategories&post=17050"},{"taxonomy":"post_tag","embeddable":true,"href":"https:\/\/zonaroja.com.mx\/index.php?rest_route=%2Fwp%2Fv2%2Ftags&post=17050"}],"curies":[{"name":"wp","href":"https:\/\/api.w.org\/{rel}","templated":true}]}}