{"id":17056,"date":"2020-09-01T07:59:34","date_gmt":"2020-09-01T12:59:34","guid":{"rendered":"http:\/\/www.zonaroja.com.mx\/?p=17056"},"modified":"2020-09-01T07:59:39","modified_gmt":"2020-09-01T12:59:39","slug":"faculta-congreso-a-la-ddhpo-como-organo-garante-de-consultas-indigenas","status":"publish","type":"post","link":"https:\/\/zonaroja.com.mx\/?p=17056","title":{"rendered":"Faculta Congreso a la DDHPO como \u00f3rgano garante de consultas ind\u00edgenas"},"content":{"rendered":"\n<p>Redacci\u00f3n\/Zona Roja.<\/p>\n\n\n\n<p>Oaxaca de Ju\u00e1rez, Oax., 1 de septiembre de 2020.- El Congreso del Estado facult\u00f3 a la Defensor\u00eda de los Derechos Humanos del Pueblo de Oaxaca (DDHPO), a fin de que se constituya como \u00f3rgano garante en los procesos de consulta previa, libre e informada.<\/p>\n\n\n\n<p>Asimismo, para que en esta calidad solicite la implementaci\u00f3n de este proceso en caso de la omisi\u00f3n de las autoridades responsables.<\/p>\n\n\n\n<p>Mediante la adici\u00f3n de las fracciones XXXI y XXXII del art\u00edculo 13 a la Ley de DDHPO, se le otorga la facultad a esta instituci\u00f3n de realizar la funci\u00f3n de \u00f3rgano garante en los procesos de consulta.<\/p>\n\n\n\n<p>Tambi\u00e9n, se enuncia claramente que una nueva atribuci\u00f3n ser\u00e1 la de solicitar la implementaci\u00f3n del proceso de consulta a los pueblos ind\u00edgenas y afromexicanos, en casos en los que la instancia o instancias responsables de emitir una medida administrativa o legislativa, no la inicien de oficio.<\/p>\n\n\n\n<p>De esta manera, el \u00f3rgano constitucionalmente aut\u00f3nomo garantizar\u00e1 la protecci\u00f3n de los derechos humanos de los pueblos y comunidades que no sean tomados en cuenta, en la implementaci\u00f3n de alguna disposici\u00f3n o megaproyecto.<\/p>\n\n\n\n<p>Con esta armonizaci\u00f3n entre las Leyes de la Defensor\u00eda y de Consulta Previa, Libre e Informada para los Pueblos y Comunidades ind\u00edgenas y Afromexicanas de Oaxaca, el Poder Legislativo cumple con acuerdos internacionales basados en el Convenio 169 de la Organizaci\u00f3n Internacional del Trabajo y en la Declaraci\u00f3n de las Naciones Unidas sobre los derechos de los pueblos ind\u00edgenas.<\/p>\n","protected":false},"excerpt":{"rendered":"<p>Redacci\u00f3n\/Zona Roja. Oaxaca de Ju\u00e1rez, Oax., 1 de septiembre de 2020.- El Congreso del Estado&hellip;<\/p>\n","protected":false},"author":2,"featured_media":17057,"comment_status":"closed","ping_status":"open","sticky":false,"template":"","format":"standard","meta":{"_lmt_disableupdate":"","_lmt_disable":"","_jetpack_memberships_contains_paid_content":false,"footnotes":""},"categories":[109,46],"tags":[213],"class_list":["post-17056","post","type-post","status-publish","format-standard","has-post-thumbnail","hentry","category-minuto-a-minuto","category-zona-blanca","tag-64-legislatura-de-oaxaca"],"jetpack_featured_media_url":"https:\/\/zonaroja.com.mx\/wp-content\/uploads\/2020\/09\/DDHPO-Defensoria.png","jetpack_sharing_enabled":true,"_links":{"self":[{"href":"https:\/\/zonaroja.com.mx\/index.php?rest_route=\/wp\/v2\/posts\/17056","targetHints":{"allow":["GET"]}}],"collection":[{"href":"https:\/\/zonaroja.com.mx\/index.php?rest_route=\/wp\/v2\/posts"}],"about":[{"href":"https:\/\/zonaroja.com.mx\/index.php?rest_route=\/wp\/v2\/types\/post"}],"author":[{"embeddable":true,"href":"https:\/\/zonaroja.com.mx\/index.php?rest_route=\/wp\/v2\/users\/2"}],"replies":[{"embeddable":true,"href":"https:\/\/zonaroja.com.mx\/index.php?rest_route=%2Fwp%2Fv2%2Fcomments&post=17056"}],"version-history":[{"count":1,"href":"https:\/\/zonaroja.com.mx\/index.php?rest_route=\/wp\/v2\/posts\/17056\/revisions"}],"predecessor-version":[{"id":17058,"href":"https:\/\/zonaroja.com.mx\/index.php?rest_route=\/wp\/v2\/posts\/17056\/revisions\/17058"}],"wp:featuredmedia":[{"embeddable":true,"href":"https:\/\/zonaroja.com.mx\/index.php?rest_route=\/wp\/v2\/media\/17057"}],"wp:attachment":[{"href":"https:\/\/zonaroja.com.mx\/index.php?rest_route=%2Fwp%2Fv2%2Fmedia&parent=17056"}],"wp:term":[{"taxonomy":"category","embeddable":true,"href":"https:\/\/zonaroja.com.mx\/index.php?rest_route=%2Fwp%2Fv2%2Fcategories&post=17056"},{"taxonomy":"post_tag","embeddable":true,"href":"https:\/\/zonaroja.com.mx\/index.php?rest_route=%2Fwp%2Fv2%2Ftags&post=17056"}],"curies":[{"name":"wp","href":"https:\/\/api.w.org\/{rel}","templated":true}]}}