{"id":17064,"date":"2020-09-01T13:04:39","date_gmt":"2020-09-01T18:04:39","guid":{"rendered":"https:\/\/www.zonaroja.com.mx\/?p=17064"},"modified":"2020-09-01T16:24:39","modified_gmt":"2020-09-01T21:24:39","slug":"17064","status":"publish","type":"post","link":"https:\/\/zonaroja.com.mx\/?p=17064","title":{"rendered":"Ante nulos resultados, organizaciones sociales exigen renuncia del fiscal de Oaxaca"},"content":{"rendered":"\n<p class=\"MsoNormal\">Evlin Arag\u00f3n\/Zona Roja.<\/p>\n\n\n\n<p class=\"MsoNormal\">Oaxaca de Ju\u00e1rez, Oax.. 1 de septiembre de 2020.- En manifestaciones diferentes, pero coincidiendo en la exigencia de justicia, organizaciones sociales e integrantes de la Secci\u00f3n 22 del SNTE, exigieron hoy la renuncia del fiscal de Oaxaca, Rub\u00e9n Vasconcelos M\u00e9ndez, a quien acusan de no garantizar el acceso a una justicia pronta y expedita, as\u00ed como nulos resultados en procuraci\u00f3n de justicia.  <\/p>\n\n\n\n<p class=\"MsoNormal\">Despu\u00e9s <a href=\"\/\/0\">de las 10 de la ma\u00f1ana<\/a>, diversos bloques de organizaciones hicieron presencia en la sede de la Fiscal\u00eda, ubicada en La Experimental, San Antonio de la Cal, en donde denunciaron la serie de agresiones de las que han sido v\u00edctimas, sin que existan investigaciones comprometidas con el objetivo de identificar y sancionar a los agresores.  <\/p>\n\n\n\n<p class=\"MsoNormal\">Macario Otalo Padilla, presidente estatal del Frente Popular Revolucionario (FPR), dio a conocer que hasta ayer tuvieron contacto con personal de la Fiscal\u00eda, quienes refirieron que est\u00e1n solicitando videos de c\u00e1maras para integrar la carpeta de investigaci\u00f3n sobre el asesinato de Tom\u00e1s Mart\u00ednez Pinacho, suscitado el pasado lunes 24 de agosto. <\/p>\n\n\n\n<figure class=\"wp-block-embed-twitter wp-block-embed is-type-rich is-provider-twitter\"><div class=\"wp-block-embed__wrapper\">\n<div class=\"twitter-tweet\"><blockquote class=\"twitter-tweet\" data-lang=\"es\"><p lang=\"es\" dir=\"ltr\"><a href=\"https:\/\/twitter.com\/hashtag\/Impunidad?src=hash&amp;ref_src=twsrc%5Etfw\">#Impunidad<\/a><br>A m\u00e1s de una semana, no hay avances en las investigaciones del asesinato de Tom\u00e1s Mart\u00ednez Pinacho, inform\u00f3 el dirigente del <a href=\"https:\/\/twitter.com\/FPR_OAXACA?ref_src=twsrc%5Etfw\">@FPR_OAXACA<\/a>, Macario Otalo Padilla, quien pidi\u00f3 la renuncia del fiscal <a href=\"https:\/\/twitter.com\/RVasconcelosM?ref_src=twsrc%5Etfw\">@RVasconcelosM<\/a>, ante falta de capacidad para resolver este y otros casos. <a href=\"https:\/\/t.co\/tt4vltiBKH\">pic.twitter.com\/tt4vltiBKH<\/a><\/p>&mdash; Zona Roja Oaxaca (@MexRoja) <a href=\"https:\/\/twitter.com\/MexRoja\/status\/1300845509993619459?ref_src=twsrc%5Etfw\">1 de septiembre de 2020<\/a><\/blockquote><\/div>\n<\/div><\/figure>\n\n\n\n<p class=\"MsoNormal\">\u201cEl fiscal nos cit\u00f3 para decirnos que est\u00e1n organizando su informaci\u00f3n nada m\u00e1s, no hay nada en la carpeta de investigaci\u00f3n, pura burocracia. Por ello hemos emplazado a la autoridad a dar resultados lo antes posible\u201d, manifest\u00f3.&nbsp;&nbsp;&nbsp;&nbsp;<\/p>\n\n\n\n<p class=\"MsoNormal\">En un encuentro con los medios de comunicaci\u00f3n, explic\u00f3 que la dependencia encargada de procurar justicia utiliza el m\u00e9todo de darle largas y largas al asunto, para al final decir que no pueden actuar por diferentes motivos, tal y como ha sucedido en otros casos, ante una falta de capacidad para integrar la carpeta de investigaci\u00f3n.  <\/p>\n\n\n\n<p class=\"MsoNormal\">El dirigente del FPR asegur\u00f3 que, desde el inicio de la administraci\u00f3n actual, encabezada por Alejandro Murat, se desataron una serie de asesinato y desapariciones en&nbsp;contra de l\u00edderes sociales que han quedado en el olvido para las autoridades, que no han hecho nada para hacer justicia.&nbsp;&nbsp;<\/p>\n\n\n\n<p class=\"MsoNormal\">\u201cA una semana del asesinato de Tom\u00e1s Mart\u00ednez la carpeta no est\u00e1 integrada, no hay l\u00edneas de investigaci\u00f3n, queremos la salida del fiscal en caso de que no rinda frutos\u201d, sentenci\u00f3.&nbsp;&nbsp;<\/p>\n\n\n\n<p class=\"MsoNormal\">Finalmente Otalo Padilla asegur\u00f3 que lo que buscan es ver a los autores intelectuales de los diferentes cr\u00edmenes contra luchadores sociales en la c\u00e1rcel, sin embargo, pareciera que piden imposibles ante la complicidad de las instancia del gobierno de Oaxaca, de forma particular de quienes tienen como objetivo garantizar justicia.\u00a0\u00a0<\/p>\n\n\n\n<figure class=\"wp-block-embed-twitter wp-block-embed is-type-rich is-provider-twitter\"><div class=\"wp-block-embed__wrapper\">\n<div class=\"twitter-tweet\"><blockquote class=\"twitter-tweet\" data-lang=\"es\"><p lang=\"es\" dir=\"ltr\">\u00a1Va a caer, va a caer, Vasconcelos va a caer! \u00a1Va a caer, va a caer, Vasconcelos va a caer! Con la exigencia de renuncia del titular de la <a href=\"https:\/\/twitter.com\/FISCALIA_GobOax?ref_src=twsrc%5Etfw\">@FISCALIA_GobOax<\/a>, <a href=\"https:\/\/twitter.com\/RVasconcelosM?ref_src=twsrc%5Etfw\">@RVasconcelosM<\/a>, culmina el mitin de organizaciones sociales en el z\u00f3calo de la capital, tras llegar en marcha. <a href=\"https:\/\/t.co\/rQPoiEtaDA\">pic.twitter.com\/rQPoiEtaDA<\/a><\/p>&mdash; Zona Roja Oaxaca (@MexRoja) <a href=\"https:\/\/twitter.com\/MexRoja\/status\/1300863355071078401?ref_src=twsrc%5Etfw\">1 de septiembre de 2020<\/a><\/blockquote><\/div>\n<\/div><\/figure>\n\n\n\n<p class=\"MsoNormal\">En la movilizaci\u00f3n participaron integrantes del PUP-API, FPR, UACOL, el Bloque Comunitario del Sur, Lubizha, as\u00ed como integrantes de la Secci\u00f3n 22 de la Coordinadora Nacional de Trabajadores de la Educaci\u00f3n (CNTE), quienes\u00a0se unieron con el \u00fanico fin de exigir justicia.\u00a0<\/p>\n\n\n\n<p class=\"MsoNormal\">\u201cAnte la desgracia y la falta de justicia, las organizaciones del movimiento social vamos a seguir organiz\u00e1ndonos para emprender acciones con una sola demanda justicia para Oaxaca y para todas las organizaciones sociales\u201d, refirieron al momento que anunciaron que llevaran a cabo otras acciones para hacer evidente su demanda.\u00a0\u00a0<\/p>\n\n\n\n<p class=\"MsoNormal\">Dentro de las exigencias de esta ma\u00f1ana tambi\u00e9n se encuentra el esclarecimiento de los cr\u00edmenes de otros dirigentes sociales como Heriberto Pazos y Arturo Pimentel Salas, as\u00ed como la aparici\u00f3n con vida de Ren\u00e9 Alejandro Cruz Esteban, hijo de la profesora Aurora Guadalupe Esteban Hern\u00e1ndez desaparecido desde el primero de septiembre del 2017.  <\/p>\n\n\n\n<figure class=\"wp-block-embed-twitter wp-block-embed is-type-rich is-provider-twitter\"><div class=\"wp-block-embed__wrapper\">\n<div class=\"twitter-tweet\"><blockquote class=\"twitter-tweet\" data-lang=\"es\"><p lang=\"es\" dir=\"ltr\"><a href=\"https:\/\/twitter.com\/hashtag\/%C3%9AltimoMinuto?src=hash&amp;ref_src=twsrc%5Etfw\">#\u00daltimoMinuto<\/a> <br>Al culminar el mitin en el z\u00f3calo de la ciudad de <a href=\"https:\/\/twitter.com\/hashtag\/Oaxaca?src=hash&amp;ref_src=twsrc%5Etfw\">#Oaxaca<\/a>, <a href=\"https:\/\/twitter.com\/hashtag\/organizaciones?src=hash&amp;ref_src=twsrc%5Etfw\">#organizaciones<\/a> sociales pintarrajearon el acceso oriente y la puerta principal del Palacio de Gobierno, con demandas de justicia para Tom\u00e1s Mart\u00ednez Pinacho y otros casos impunes. <a href=\"https:\/\/t.co\/o4Ji7AV5kC\">pic.twitter.com\/o4Ji7AV5kC<\/a><\/p>&mdash; Zona Roja Oaxaca (@MexRoja) <a href=\"https:\/\/twitter.com\/MexRoja\/status\/1300878927011786752?ref_src=twsrc%5Etfw\">1 de septiembre de 2020<\/a><\/blockquote><\/div>\n<\/div><\/figure>\n","protected":false},"excerpt":{"rendered":"<p>Evlin Arag\u00f3n\/Zona Roja. Oaxaca de Ju\u00e1rez, Oax.. 1 de septiembre de 2020.- En manifestaciones diferentes,&hellip;<\/p>\n","protected":false},"author":2,"featured_media":17063,"comment_status":"closed","ping_status":"open","sticky":false,"template":"","format":"standard","meta":{"_lmt_disableupdate":"","_lmt_disable":"","_jetpack_memberships_contains_paid_content":false,"footnotes":""},"categories":[109,47],"tags":[494,1954],"class_list":["post-17064","post","type-post","status-publish","format-standard","has-post-thumbnail","hentry","category-minuto-a-minuto","category-zona-gris","tag-fiscalia-general-del-estado-de-oaxaca","tag-tomas-martinez-pinacho"],"jetpack_featured_media_url":"https:\/\/zonaroja.com.mx\/wp-content\/uploads\/2020\/09\/f49dd71a-7977-427a-a4b5-09c7a4948d9c.jpg","jetpack_sharing_enabled":true,"_links":{"self":[{"href":"https:\/\/zonaroja.com.mx\/index.php?rest_route=\/wp\/v2\/posts\/17064","targetHints":{"allow":["GET"]}}],"collection":[{"href":"https:\/\/zonaroja.com.mx\/index.php?rest_route=\/wp\/v2\/posts"}],"about":[{"href":"https:\/\/zonaroja.com.mx\/index.php?rest_route=\/wp\/v2\/types\/post"}],"author":[{"embeddable":true,"href":"https:\/\/zonaroja.com.mx\/index.php?rest_route=\/wp\/v2\/users\/2"}],"replies":[{"embeddable":true,"href":"https:\/\/zonaroja.com.mx\/index.php?rest_route=%2Fwp%2Fv2%2Fcomments&post=17064"}],"version-history":[{"count":4,"href":"https:\/\/zonaroja.com.mx\/index.php?rest_route=\/wp\/v2\/posts\/17064\/revisions"}],"predecessor-version":[{"id":17076,"href":"https:\/\/zonaroja.com.mx\/index.php?rest_route=\/wp\/v2\/posts\/17064\/revisions\/17076"}],"wp:featuredmedia":[{"embeddable":true,"href":"https:\/\/zonaroja.com.mx\/index.php?rest_route=\/wp\/v2\/media\/17063"}],"wp:attachment":[{"href":"https:\/\/zonaroja.com.mx\/index.php?rest_route=%2Fwp%2Fv2%2Fmedia&parent=17064"}],"wp:term":[{"taxonomy":"category","embeddable":true,"href":"https:\/\/zonaroja.com.mx\/index.php?rest_route=%2Fwp%2Fv2%2Fcategories&post=17064"},{"taxonomy":"post_tag","embeddable":true,"href":"https:\/\/zonaroja.com.mx\/index.php?rest_route=%2Fwp%2Fv2%2Ftags&post=17064"}],"curies":[{"name":"wp","href":"https:\/\/api.w.org\/{rel}","templated":true}]}}