{"id":1707,"date":"2019-06-19T23:02:47","date_gmt":"2019-06-20T04:02:47","guid":{"rendered":"http:\/\/www.zonaroja.com.mx\/?p=1707"},"modified":"2019-06-19T23:02:50","modified_gmt":"2019-06-20T04:02:50","slug":"llega-a-los-golpes-division-entre-victimas-del-19-de-junio-en-nochixtlan","status":"publish","type":"post","link":"https:\/\/zonaroja.com.mx\/?p=1707","title":{"rendered":"Llega a los golpes divisi\u00f3n entre v\u00edctimas del 19 de junio en Nochixtl\u00e1n"},"content":{"rendered":"\n<p>Ismael\nGarc\u00eda<\/p>\n\n\n\n<p>Asunci\u00f3n\nNochixtl\u00e1n, Oax., 19 de junio de 2019.- \u201c\u00a1A qu\u00e9 le tienen miedo, por qu\u00e9 nos\nimpiden hablar!\u201d.<\/p>\n\n\n\n<p>El reclamo,\nde Jos\u00e9 Luis Cruz Aquino, hermano Anselmo, uno de los ocho asesinados el 19 de\njunio de 2016 en Asunci\u00f3n Nochixtl\u00e1n y Trinidad de Viguera, Oaxaca de Ju\u00e1rez.<\/p>\n\n\n\n<p>La raz\u00f3n: minutos\nantes de las 13:00 horas, se suscit\u00f3 un zafarrancho, durante el mitin de la\nSecci\u00f3n 22 del SNTE en el z\u00f3calo municipal, en conmemoraci\u00f3n de los ca\u00eddos hace\ntres a\u00f1os.<\/p>\n\n\n\n<p>Un grupo de\nintegrantes del Comit\u00e9 de V\u00edctimas (Covic) agredi\u00f3 a golpes y patadas a dos de\nsus compa\u00f1eros, de una de las tres divisiones de esa organizaci\u00f3n que lucha por\njusticia. Y tambi\u00e9n por prebendas.<\/p>\n\n\n\n<p>Jos\u00e9 Luis y\nRen\u00e9 Cruz Flores fueron los lesionados, lo que gener\u00f3 el zafarrancho en pleno\nkiosco, ante integrantes de la dirigencia del magisterio.<\/p>\n\n\n\n<p>\u201cNo me\nquer\u00edan dejar entrar a dar mi posicionamiento, patearon al compa\u00f1ero, creo que\nno se vale, eso es caer bajo\u201d, explic\u00f3 el ofendido.<\/p>\n\n\n\n<p>Cuando por\nfin lo dejaron hablar en la ronda de participantes, y en cuyo momento se cort\u00f3\nel sonido del micr\u00f3fono, el hermano de Anselmo exclam\u00f3:<\/p>\n\n\n\n<p>\u201c\u00a1A qu\u00e9 le tenemos miedo!, \u00a1yo con la frente en alto les vengo a decir a ustedes, estamos por la v\u00eda jur\u00eddica, y a m\u00ed, que me registren!, \u00a1no hemos sacado provecho pol\u00edtico! El 19 de junio de 2016 a esta hora estaba dando la noticia de su muerte a mi padre, a mi madre, a su esposa; a esta hora est\u00e1bamos llorando por los ca\u00eddos, por la sangre derramada por todos los heridos.<\/p>\n\n\n\n<figure class=\"wp-block-image\"><img decoding=\"async\" width=\"1024\" height=\"602\" src=\"http:\/\/www.zonaroja.com.mx\/wp-content\/uploads\/2019\/06\/Mitin-Nochixtl\u00e1n-2-1024x602.jpg\" alt=\"\" class=\"wp-image-1708\" srcset=\"https:\/\/zonaroja.com.mx\/wp-content\/uploads\/2019\/06\/Mitin-Nochixtl\u00e1n-2-1024x602.jpg 1024w, https:\/\/zonaroja.com.mx\/wp-content\/uploads\/2019\/06\/Mitin-Nochixtl\u00e1n-2-300x176.jpg 300w, https:\/\/zonaroja.com.mx\/wp-content\/uploads\/2019\/06\/Mitin-Nochixtl\u00e1n-2-768x452.jpg 768w, https:\/\/zonaroja.com.mx\/wp-content\/uploads\/2019\/06\/Mitin-Nochixtl\u00e1n-2-1170x688.jpg 1170w, https:\/\/zonaroja.com.mx\/wp-content\/uploads\/2019\/06\/Mitin-Nochixtl\u00e1n-2-585x344.jpg 585w, https:\/\/zonaroja.com.mx\/wp-content\/uploads\/2019\/06\/Mitin-Nochixtl\u00e1n-2.jpg 1280w\" sizes=\"(max-width: 1024px) 100vw, 1024px\" \/><\/figure>\n\n\n\n<p>\u201cHoy nos\nimpiden hablar, hoy con gran pena veo que muchas organizaciones sociales que no\nconocen a las v\u00edctimas, que no conocen a los ca\u00eddos, act\u00faan de esa manera; est\u00e1n\nlas v\u00edctimas en nombre pero los hermanos d\u00f3nde est\u00e1n, d\u00f3nde los hu\u00e9rfanos.<\/p>\n\n\n\n<p>\u201cSi a\nnosotros nos llaman traidores por haber denunciado ante la Fiscal\u00eda General de\nla Rep\u00fablica, si eso es un pecado, es ser traidor, si es as\u00ed, con orgullo puedo\ndecir que soy un traidor por haber denunciado jur\u00eddicamente\u201d.<\/p>\n\n\n\n<p>Despu\u00e9s\nexplic\u00f3 que ya no est\u00e1n de acuerdo con el Comit\u00e9 de V\u00edctimas que dirige\nSantiago Ambrosio &#8211;quien se retir\u00f3 del mitin antes que concluyera&#8211;, porque\nhan usufructuado a nombre de los familiares de quienes perdieron a un ser\nquerido.<\/p>\n\n\n\n<p>Ren\u00e9 Cruz\nFlores fue herido de bala el 19 de junio y fue uno de los m\u00e1s golpeados:<\/p>\n\n\n\n<p>\u201cVenimos a\nexpresar lo que estamos haciendo ante instancias nacionales y algunos\ncompa\u00f1eros &#8211;otros que no son viven de esto porque para ellos es un negocio,\npara nosotros no&#8211;, nos agredieron; estamos en plan de justicia, quer\u00edamos\nparticipaci\u00f3n y esa fue lo que no les gust\u00f3, no les gusta que los evidenciemos\u201d.<\/p>\n\n\n\n<p>Identific\u00f3 entre sus golpeadores al profesor Juan Carlos, a \u201cEl Chino\u201d y a \u201cMoi\u201d.<\/p>\n\n\n\n<figure class=\"wp-block-embed-twitter wp-block-embed is-type-rich is-provider-twitter\"><div class=\"wp-block-embed__wrapper\">\n<div class=\"twitter-tweet\"><blockquote class=\"twitter-tweet\" data-lang=\"es\"><p lang=\"es\" dir=\"ltr\"><a href=\"https:\/\/twitter.com\/hashtag\/OaxacaRojo?src=hash&amp;ref_src=twsrc%5Etfw\">#OaxacaRojo<\/a><br>As\u00ed fue hoy la confrontaci\u00f3n entre dos grupos del Comit\u00e9 de V\u00edctimas de Nochixtl\u00e1n. En pleno mitin de la Secci\u00f3n 22 hubo zafarrancho, agresiones y reclamos, en el marco del tercer aniversario del enfrentamiento con polic\u00edas. <a href=\"https:\/\/twitter.com\/Seccion22Cencos?ref_src=twsrc%5Etfw\">@Seccion22Cencos<\/a> <a href=\"https:\/\/twitter.com\/LagarrapataS22?ref_src=twsrc%5Etfw\">@LagarrapataS22<\/a> <a href=\"https:\/\/t.co\/Qc5zrNmIcm\">pic.twitter.com\/Qc5zrNmIcm<\/a><\/p>&mdash; Zona Roja Oaxaca (@MexRoja) <a href=\"https:\/\/twitter.com\/MexRoja\/status\/1141457670777556993?ref_src=twsrc%5Etfw\">19 de junio de 2019<\/a><\/blockquote><\/div>\n<\/div><\/figure>\n\n\n\n<p>LA\nMEGAMARCHA<\/p>\n\n\n\n<p>Horas antes,\nalrededor de las 11 de la ma\u00f1ana, miles de maestros se concentraron a la altura\ndel kil\u00f3metro 78 de la supercarretera Oaxaca-Cuacnopalan, para iniciar su\nmovilizaci\u00f3n y recordar a los ca\u00eddos; por ello, se cerr\u00f3 la vialidad al menos\ncuatro horas.<\/p>\n\n\n\n<p>Tras ellos,\nencabezados por el dirigente magisterial, Eloy L\u00f3pez Hern\u00e1ndez, adem\u00e1s de\nGenaro Mart\u00ednez Morales y Wilbert Santiago Valdivieso, efectuaron una parada en\nel Monumento a los Ca\u00eddos, a medio camino hacia el centro de Nochixlt\u00e1n.<\/p>\n\n\n\n<p>Ah\u00ed hicieron\nun homenaje y develaron una placa en memoria del ex dirigente Rub\u00e9n N\u00fa\u00f1ez\nGinez, luego de lo cual continuaron la marcha, sin ning\u00fan contratiempo.<\/p>\n\n\n\n<p>En el z\u00f3calo\nde Nochixtl\u00e1n y tras diversas intervenciones, concluyeron el mitin, pero no las\nactividades.<\/p>\n\n\n\n<p>\u201cVamos a\nTlaxiaco, a hacer otro homenaje, porque como est\u00e1n las cosas de divididas, al\nrato se van a enojar los otros familiares de las v\u00edctimas\u201d, confi\u00f3 un\nrepresentante del magisterio.<\/p>\n","protected":false},"excerpt":{"rendered":"<p>Ismael Garc\u00eda Asunci\u00f3n Nochixtl\u00e1n, Oax., 19 de junio de 2019.- \u201c\u00a1A qu\u00e9 le tienen miedo,&hellip;<\/p>\n","protected":false},"author":2,"featured_media":1709,"comment_status":"closed","ping_status":"open","sticky":false,"template":"","format":"standard","meta":{"_lmt_disableupdate":"","_lmt_disable":"","_jetpack_memberships_contains_paid_content":false,"footnotes":""},"categories":[109,47],"tags":[159,58],"class_list":["post-1707","post","type-post","status-publish","format-standard","has-post-thumbnail","hentry","category-minuto-a-minuto","category-zona-gris","tag-comite-de-victimas","tag-oaxaca"],"jetpack_featured_media_url":"https:\/\/zonaroja.com.mx\/wp-content\/uploads\/2019\/06\/Mitin-Nochixtl\u00e1n-1.jpg","jetpack_sharing_enabled":true,"_links":{"self":[{"href":"https:\/\/zonaroja.com.mx\/index.php?rest_route=\/wp\/v2\/posts\/1707","targetHints":{"allow":["GET"]}}],"collection":[{"href":"https:\/\/zonaroja.com.mx\/index.php?rest_route=\/wp\/v2\/posts"}],"about":[{"href":"https:\/\/zonaroja.com.mx\/index.php?rest_route=\/wp\/v2\/types\/post"}],"author":[{"embeddable":true,"href":"https:\/\/zonaroja.com.mx\/index.php?rest_route=\/wp\/v2\/users\/2"}],"replies":[{"embeddable":true,"href":"https:\/\/zonaroja.com.mx\/index.php?rest_route=%2Fwp%2Fv2%2Fcomments&post=1707"}],"version-history":[{"count":1,"href":"https:\/\/zonaroja.com.mx\/index.php?rest_route=\/wp\/v2\/posts\/1707\/revisions"}],"predecessor-version":[{"id":1710,"href":"https:\/\/zonaroja.com.mx\/index.php?rest_route=\/wp\/v2\/posts\/1707\/revisions\/1710"}],"wp:featuredmedia":[{"embeddable":true,"href":"https:\/\/zonaroja.com.mx\/index.php?rest_route=\/wp\/v2\/media\/1709"}],"wp:attachment":[{"href":"https:\/\/zonaroja.com.mx\/index.php?rest_route=%2Fwp%2Fv2%2Fmedia&parent=1707"}],"wp:term":[{"taxonomy":"category","embeddable":true,"href":"https:\/\/zonaroja.com.mx\/index.php?rest_route=%2Fwp%2Fv2%2Fcategories&post=1707"},{"taxonomy":"post_tag","embeddable":true,"href":"https:\/\/zonaroja.com.mx\/index.php?rest_route=%2Fwp%2Fv2%2Ftags&post=1707"}],"curies":[{"name":"wp","href":"https:\/\/api.w.org\/{rel}","templated":true}]}}