{"id":17077,"date":"2020-09-01T17:35:57","date_gmt":"2020-09-01T22:35:57","guid":{"rendered":"http:\/\/www.zonaroja.com.mx\/?p=17077"},"modified":"2020-09-01T17:36:02","modified_gmt":"2020-09-01T22:36:02","slug":"por-pandemia-feria-internacional-del-libro-de-oaxaca-sera-virtual-este-ano","status":"publish","type":"post","link":"https:\/\/zonaroja.com.mx\/?p=17077","title":{"rendered":"Por pandemia, Feria Internacional del Libro de Oaxaca ser\u00e1 virtual este a\u00f1o"},"content":{"rendered":"\n<p>Redacci\u00f3n\/Zona Roja.<\/p>\n\n\n\n<p>Oaxaca de Ju\u00e1rez, Oax., 1 de septiembre de 2020.- Organizadores de la Feria Internacional del Libro de Oaxaca (FILO) anunciaron que debido a la emergencia sanitaria, la edici\u00f3n de este a\u00f1o se har\u00e1 de manera virtual.<\/p>\n\n\n\n<p>\u201cCon el 100 por ciento de sus actividades virtuales, entre el 17 y el 30 de octubre, y mediante un gran esfuerzo, este 2020 trabajamos para lograr la realizaci\u00f3n de la edici\u00f3n n\u00famero 40 de la FILO, que ser\u00e1 in\u00e9dita, como los tiempos actuales.<\/p>\n\n\n\n<p>\u201cEstamos trabajando para ofrecer, como cada a\u00f1o, un programa de calidad con invitadas e invitados estatales, nacionales e internacionales; temas de inter\u00e9s para cada p\u00fablico que abonen a la reflexi\u00f3n, entendimiento y esparcimiento de cada una de las partes que conforman nuestra sociedad\u201d, informaron en un comunicado.<\/p>\n\n\n\n<p>A\u00f1adieron que buscan tener presencia en una mayor cantidad y diversidad de hogares en todo M\u00e9xico a trav\u00e9s de internet o redes sociales, as\u00ed como en radio y televisi\u00f3n.<\/p>\n\n\n\n<p>Dijeron que el detalle sobre las distintas plataformas que albergar\u00e1n este a\u00f1o a la FILO, as\u00ed como la programaci\u00f3n, ser\u00e1n dadas a conocer en una conferencia de prensa virtual a la cual convocar\u00e1n en los pr\u00f3ximos d\u00edas.<\/p>\n\n\n\n<p>\u201cSabemos que los retos de esta edici\u00f3n son grandes, que rebasan el l\u00edmite de nuestras competencias, pero estamos poniendo todo de nuestra parte para lograr juntos nuevamente ese espacio con m\u00e1s libros, con m\u00e1s conversaci\u00f3n, e imaginaci\u00f3n, porque en Oaxaca se \u00a1Vive la lectura!\u201d, remarcaron.<\/p>\n","protected":false},"excerpt":{"rendered":"<p>Redacci\u00f3n\/Zona Roja. Oaxaca de Ju\u00e1rez, Oax., 1 de septiembre de 2020.- Organizadores de la Feria&hellip;<\/p>\n","protected":false},"author":2,"featured_media":17078,"comment_status":"closed","ping_status":"open","sticky":false,"template":"","format":"standard","meta":{"_lmt_disableupdate":"","_lmt_disable":"","_jetpack_memberships_contains_paid_content":false,"footnotes":""},"categories":[109,46],"tags":[850],"class_list":["post-17077","post","type-post","status-publish","format-standard","has-post-thumbnail","hentry","category-minuto-a-minuto","category-zona-blanca","tag-feria-internacional-del-libro-oaxaca-filo"],"jetpack_featured_media_url":"https:\/\/zonaroja.com.mx\/wp-content\/uploads\/2020\/09\/Feria-Internacional-del-Libro-de-Oaxaca.png","jetpack_sharing_enabled":true,"_links":{"self":[{"href":"https:\/\/zonaroja.com.mx\/index.php?rest_route=\/wp\/v2\/posts\/17077","targetHints":{"allow":["GET"]}}],"collection":[{"href":"https:\/\/zonaroja.com.mx\/index.php?rest_route=\/wp\/v2\/posts"}],"about":[{"href":"https:\/\/zonaroja.com.mx\/index.php?rest_route=\/wp\/v2\/types\/post"}],"author":[{"embeddable":true,"href":"https:\/\/zonaroja.com.mx\/index.php?rest_route=\/wp\/v2\/users\/2"}],"replies":[{"embeddable":true,"href":"https:\/\/zonaroja.com.mx\/index.php?rest_route=%2Fwp%2Fv2%2Fcomments&post=17077"}],"version-history":[{"count":1,"href":"https:\/\/zonaroja.com.mx\/index.php?rest_route=\/wp\/v2\/posts\/17077\/revisions"}],"predecessor-version":[{"id":17079,"href":"https:\/\/zonaroja.com.mx\/index.php?rest_route=\/wp\/v2\/posts\/17077\/revisions\/17079"}],"wp:featuredmedia":[{"embeddable":true,"href":"https:\/\/zonaroja.com.mx\/index.php?rest_route=\/wp\/v2\/media\/17078"}],"wp:attachment":[{"href":"https:\/\/zonaroja.com.mx\/index.php?rest_route=%2Fwp%2Fv2%2Fmedia&parent=17077"}],"wp:term":[{"taxonomy":"category","embeddable":true,"href":"https:\/\/zonaroja.com.mx\/index.php?rest_route=%2Fwp%2Fv2%2Fcategories&post=17077"},{"taxonomy":"post_tag","embeddable":true,"href":"https:\/\/zonaroja.com.mx\/index.php?rest_route=%2Fwp%2Fv2%2Ftags&post=17077"}],"curies":[{"name":"wp","href":"https:\/\/api.w.org\/{rel}","templated":true}]}}