{"id":17080,"date":"2020-09-01T19:23:31","date_gmt":"2020-09-02T00:23:31","guid":{"rendered":"http:\/\/www.zonaroja.com.mx\/?p=17080"},"modified":"2020-09-01T19:23:50","modified_gmt":"2020-09-02T00:23:50","slug":"por-desatencion-gubernamental-estallan-bloqueos-y-protestas-en-oaxaca","status":"publish","type":"post","link":"https:\/\/zonaroja.com.mx\/?p=17080","title":{"rendered":"Por desatenci\u00f3n gubernamental, estallan bloqueos y protestas en Oaxaca"},"content":{"rendered":"\n<p>Yuridiana Sosa\/Zona Roja.<\/p>\n\n\n\n<p>Oaxaca de Ju\u00e1rez, Oax., 1 de septiembre de 2020.-&nbsp; Pobladores, magisterio, transportistas y organizaciones sociales se movilizaron este martes en la capital de Oaxaca y su zona conurbada, as\u00ed como en la regi\u00f3n del Istmo, para exigir al gobierno del estado atenci\u00f3n a sus demandas, cumplimiento de proyectos y justicia.<\/p>\n\n\n\n<p>En la zona istme\u00f1a, las manifestaciones se intensificaron y en su segundo d\u00eda consecutivo se registraron bloqueos carreteros en cuatro puntos, en jurisdicciones de Juchit\u00e1n de Zaragoza y Santo Domingo Zanatepec.<\/p>\n\n\n\n<p>Los cierres viales ocurrieron sobre la carretera federal 185, Juchit\u00e1n-La Ventosa; puente Imeca tramo Juchit\u00e1n\u2013Tehuantepec; crucero de Juchit\u00e1n a Uni\u00f3n Hidalgo de la carretera local Juchit\u00e1n-Tehuantepec.&nbsp;<\/p>\n\n\n\n<p>As\u00ed tambi\u00e9n, en el puente de Zanatepec de carretera Panamericana, en el tramo Zanatepec -Tapanatepec.<\/p>\n\n\n\n<p>Transportistas y pobladores de Uni\u00f3n Hidalgo exigen la rehabilitaci\u00f3n del camino completo que conecta a Juchit\u00e1n, del cual el Gobierno del Estado s\u00f3lo contempl\u00f3 la mitad del tramo.<\/p>\n\n\n\n<p>Mientras que sobre la carretera Panamericana pobladores de la agencia Cabestreda y Hierba Santa, de Santo Domingo Zanatepec, demandaron recursos presupuestales al ayuntamiento, as\u00ed como auditor\u00eda contra el edil Ramiro Nolasco.<\/p>\n\n\n\n<p>La inconformidad de los pobladores se ha presentado desde hace varios d\u00edas, pero desde ayer estall\u00f3 ante la desatenci\u00f3n de las autoridades municipales y falta de intervenci\u00f3n del gobierno estatal. Despu\u00e9s de las 19:00 horas fueron retirados los bloqueos, pero prev\u00e9n reanudar este mi\u00e9rcoles.<\/p>\n\n\n\n<p>Mientras que en los Valles Centrales coincidieron en las manifestaciones integrantes de la Secci\u00f3n 22 del SNTE y organizaciones sociales encabezadas por el Frente Popular Revolucionario, para exigir la renuncia del titular de la Fiscal\u00eda General de Oaxaca, Rub\u00e9n Vasconcelos M\u00e9ndez.<\/p>\n\n\n\n<figure class=\"wp-block-embed-twitter wp-block-embed is-type-rich is-provider-twitter\"><div class=\"wp-block-embed__wrapper\">\n<div class=\"twitter-tweet\"><blockquote class=\"twitter-tweet\" data-lang=\"es\"><p lang=\"es\" dir=\"ltr\"><a href=\"https:\/\/twitter.com\/hashtag\/OaxacaGris?src=hash&amp;ref_src=twsrc%5Etfw\">#OaxacaGris<\/a><br>(1) Las protestas no cesan en San Antonio de la Cal, <a href=\"https:\/\/twitter.com\/hashtag\/Oaxaca?src=hash&amp;ref_src=twsrc%5Etfw\">#Oaxaca<\/a>. Un grupo de inconformes con el responsable actual del ayuntamiento, protest\u00f3 en oficinas de gobierno de Ciudad Administrativa; en el acceso posterior tir\u00f3 camiones de basura. <a href=\"https:\/\/t.co\/EQWhKI4eY3\">pic.twitter.com\/EQWhKI4eY3<\/a><\/p>&mdash; Zona Roja Oaxaca (@MexRoja) <a href=\"https:\/\/twitter.com\/MexRoja\/status\/1300918143003627522?ref_src=twsrc%5Etfw\">1 de septiembre de 2020<\/a><\/blockquote><\/div>\n<\/div><\/figure>\n\n\n\n<p>Las protestas se concentraron a puerta de las oficinas de la Fiscal\u00eda en La Experimental de San Antonio de Cal, zona conurbada a la capital.<\/p>\n\n\n\n<p>Durante la movilizaci\u00f3n participaron integrantes del PUP-API, FPR, UACOL, el Bloque Comunitario del Sur, Lubizha, a quienes se unieron la Secci\u00f3n 22 de la Coordinadora Nacional de Trabajadores de la Educaci\u00f3n (CNTE).<\/p>\n\n\n\n<p>En la manifestaci\u00f3n surgieron las demandas del esclarecimiento de los cr\u00edmenes de otros dirigentes sociales como Heriberto Pazos y Arturo Pimentel Salas, as\u00ed como la aparici\u00f3n con vida de Ren\u00e9 Alejandro Cruz Esteban, hijo de la profesora Aurora Guadalupe Esteban Hern\u00e1ndez desaparecido desde el primero de septiembre del 2017.<\/p>\n\n\n\n<p>Tras el mitin en La Experimental, marcharon hacia el centro de la ciudad, y frente al Palacio de Gobierno efectuaron una segunda concentraci\u00f3n, que culmin\u00f3 con pintas en la fachada y lateral poniente del inmueble hist\u00f3rico.<\/p>\n\n\n\n<p>Por otra parte, habitantes del municipio de San Antonio de la Cal se manifestaron en Ciudad Administrativa, en Tlalixtac de Cabrera, con el cierre de los acceso del complejo, as\u00ed como con el dep\u00f3sito de desechos para presionar a las autoridades estatales a recibir atenci\u00f3n. Despu\u00e9s de las 15:00 horas retiraron su manifestaci\u00f3n.<\/p>\n","protected":false},"excerpt":{"rendered":"<p>Yuridiana Sosa\/Zona Roja. Oaxaca de Ju\u00e1rez, Oax., 1 de septiembre de 2020.-&nbsp; Pobladores, magisterio, transportistas&hellip;<\/p>\n","protected":false},"author":2,"featured_media":17081,"comment_status":"closed","ping_status":"open","sticky":false,"template":"","format":"standard","meta":{"_lmt_disableupdate":"","_lmt_disable":"","_jetpack_memberships_contains_paid_content":false,"footnotes":""},"categories":[109,47],"tags":[1975],"class_list":["post-17080","post","type-post","status-publish","format-standard","has-post-thumbnail","hentry","category-minuto-a-minuto","category-zona-gris","tag-bloqueos-carreteros-oaxaca"],"jetpack_featured_media_url":"https:\/\/zonaroja.com.mx\/wp-content\/uploads\/2020\/09\/Palacio-de-Gobierno-vandalizado.jpg","jetpack_sharing_enabled":true,"_links":{"self":[{"href":"https:\/\/zonaroja.com.mx\/index.php?rest_route=\/wp\/v2\/posts\/17080","targetHints":{"allow":["GET"]}}],"collection":[{"href":"https:\/\/zonaroja.com.mx\/index.php?rest_route=\/wp\/v2\/posts"}],"about":[{"href":"https:\/\/zonaroja.com.mx\/index.php?rest_route=\/wp\/v2\/types\/post"}],"author":[{"embeddable":true,"href":"https:\/\/zonaroja.com.mx\/index.php?rest_route=\/wp\/v2\/users\/2"}],"replies":[{"embeddable":true,"href":"https:\/\/zonaroja.com.mx\/index.php?rest_route=%2Fwp%2Fv2%2Fcomments&post=17080"}],"version-history":[{"count":1,"href":"https:\/\/zonaroja.com.mx\/index.php?rest_route=\/wp\/v2\/posts\/17080\/revisions"}],"predecessor-version":[{"id":17082,"href":"https:\/\/zonaroja.com.mx\/index.php?rest_route=\/wp\/v2\/posts\/17080\/revisions\/17082"}],"wp:featuredmedia":[{"embeddable":true,"href":"https:\/\/zonaroja.com.mx\/index.php?rest_route=\/wp\/v2\/media\/17081"}],"wp:attachment":[{"href":"https:\/\/zonaroja.com.mx\/index.php?rest_route=%2Fwp%2Fv2%2Fmedia&parent=17080"}],"wp:term":[{"taxonomy":"category","embeddable":true,"href":"https:\/\/zonaroja.com.mx\/index.php?rest_route=%2Fwp%2Fv2%2Fcategories&post=17080"},{"taxonomy":"post_tag","embeddable":true,"href":"https:\/\/zonaroja.com.mx\/index.php?rest_route=%2Fwp%2Fv2%2Ftags&post=17080"}],"curies":[{"name":"wp","href":"https:\/\/api.w.org\/{rel}","templated":true}]}}