{"id":17083,"date":"2020-09-01T20:32:10","date_gmt":"2020-09-02T01:32:10","guid":{"rendered":"http:\/\/www.zonaroja.com.mx\/?p=17083"},"modified":"2020-09-01T20:32:15","modified_gmt":"2020-09-02T01:32:15","slug":"por-deficiencias-de-la-fiscalia-de-oaxaca-dejan-en-libertad-a-agresor-de-reportero","status":"publish","type":"post","link":"https:\/\/zonaroja.com.mx\/?p=17083","title":{"rendered":"Por deficiencias de la Fiscal\u00eda de Oaxaca, dejan en libertad a agresor de reportero"},"content":{"rendered":"\n<p>Redacci\u00f3n\/Zona Roja.<\/p>\n\n\n\n<p>Oaxaca de Ju\u00e1rez, Oax., 1 de septiembre de 2020.- \u201cTrasciende este d\u00eda que elementos de la AEI detuvieron en Atzompa a Julio C\u00e9sar L. L., como responsable de la cobarde agresi\u00f3n contra el periodista Oth\u00f3n Garc\u00eda D\u00edaz\u2026 \u00a1La Fiscal\u00eda est\u00e1 del lado del gremio period\u00edstico!\u201d.<\/p>\n\n\n\n<p>Ese fue el mensaje que circul\u00f3 v\u00eda Whatsapp personal del \u00e1rea de prensa de la Fiscal\u00eda General del Estado de Oaxaca, a cargo de Rub\u00e9n Vasconcelos M\u00e9ndez, despu\u00e9s de las 14:00 horas, en que festin\u00f3 la aprehensi\u00f3n.<\/p>\n\n\n\n<p>Sin embargo, a cinco horas de su detenci\u00f3n, el presunto agresor  en el hecho ocurrido el pasado 28 de julio en la capital oaxaque\u00f1a, qued\u00f3 en libertad por inconsistencias en la integraci\u00f3n de la Carpeta de Investigaci\u00f3n por parte del Ministerio P\u00fablico de la Fiscal\u00eda.<\/p>\n\n\n\n<p>V\u00eda la red social de Whatsapp la Fiscal\u00eda hizo circular la versi\u00f3n que la Agencia Estatal de Investigaciones (AEI) hab\u00eda detenido a Julio C\u00e9sar L. L., responsable de la funeraria \u201cSanta Luc\u00eda\u201d, como uno de los probables agresores del reportero Oth\u00f3n Garc\u00eda D\u00edaz durante una manifestaci\u00f3n de empresas funerarias.<\/p>\n\n\n\n<p>La aprehensi\u00f3n se registr\u00f3 en inmediaciones del municipio de Santa Mar\u00eda Atzompa, para posteriormente remitirlo al Ministerios P\u00fablico, donde fue puesto a disposici\u00f3n de un juez del Poder Judicial de Oaxaca.<\/p>\n\n\n\n<p>Pero el inculpado permaneci\u00f3 apenas unas cinco horas de audienciam al no encontrarse los elementos suficientes para sostener su arresto, a pesar de las pruebas en videos y fotograf\u00edas proporcionados por los medios de comunicaci\u00f3n que atestiguaron el hecho violento.<\/p>\n\n\n\n<figure class=\"wp-block-image size-large\"><img decoding=\"async\" width=\"720\" height=\"332\" src=\"http:\/\/www.zonaroja.com.mx\/wp-content\/uploads\/2020\/07\/Oth\u00f3n-Garc\u00eda-D\u00edaz.jpg\" alt=\"\" class=\"wp-image-15582\" srcset=\"https:\/\/zonaroja.com.mx\/wp-content\/uploads\/2020\/07\/Oth\u00f3n-Garc\u00eda-D\u00edaz.jpg 720w, https:\/\/zonaroja.com.mx\/wp-content\/uploads\/2020\/07\/Oth\u00f3n-Garc\u00eda-D\u00edaz-300x138.jpg 300w, https:\/\/zonaroja.com.mx\/wp-content\/uploads\/2020\/07\/Oth\u00f3n-Garc\u00eda-D\u00edaz-585x270.jpg 585w\" sizes=\"(max-width: 720px) 100vw, 720px\" \/><\/figure>\n\n\n\n<p>Oth\u00f3n Garc\u00eda confirm\u00f3 la libertad de Julio C\u00e9sar L. L., \u201cquien sali\u00f3 burl\u00e1ndose del Ministerio P\u00fablico\u201d.<\/p>\n\n\n\n<p>El pasado 28 de julio, mientras Oth\u00f3n Garc\u00eda, junto con otros reporteros, cubr\u00eda una protesta por trabajadores y empresarios de funerarias en inmediaciones de las oficinas de los Servicios de Salud de Oaxaca en el Centro Hist\u00f3rico, fue golpeado por unos de los manifestantes.<\/p>\n\n\n\n<p>El periodista del medio digital \u201cEl Fogonazo\u201d fue golpeado en el rostro hasta sangrar, pues el trabajador funerario se inconform\u00f3 con la labor que realizaba Garc\u00eda D\u00edaz, de cuestionar y grabar el desarrollo del evento.<\/p>\n\n\n\n<p>Ante la agresi\u00f3n el reportero present\u00f3 la denuncia correspondiente para exigir justicia por el hecho, as\u00ed como otros comunic\u00f3logos agredidos respaldaron la denuncia.<\/p>\n\n\n\n<p>En diversas ocasiones, las pifias de la dependencia a cargo de Rub\u00e9n Vasconcelos Mendez han orillado a los jueces a otorgar la libertad a los presuntos delincuentes, incluso por delitos de alto impacto, debido a las inconsistencias en las investigaciones que realiza la Fiscal\u00eda General de Oaxaca.<\/p>\n","protected":false},"excerpt":{"rendered":"<p>Redacci\u00f3n\/Zona Roja. Oaxaca de Ju\u00e1rez, Oax., 1 de septiembre de 2020.- \u201cTrasciende este d\u00eda que&hellip;<\/p>\n","protected":false},"author":2,"featured_media":17084,"comment_status":"closed","ping_status":"open","sticky":false,"template":"","format":"standard","meta":{"_lmt_disableupdate":"","_lmt_disable":"","_jetpack_memberships_contains_paid_content":false,"footnotes":""},"categories":[109,47],"tags":[1867],"class_list":["post-17083","post","type-post","status-publish","format-standard","has-post-thumbnail","hentry","category-minuto-a-minuto","category-zona-gris","tag-othon-garcia-diaz"],"jetpack_featured_media_url":"https:\/\/zonaroja.com.mx\/wp-content\/uploads\/2020\/09\/Julio-Cesar-L.-agresor-periodista.jpg","jetpack_sharing_enabled":true,"_links":{"self":[{"href":"https:\/\/zonaroja.com.mx\/index.php?rest_route=\/wp\/v2\/posts\/17083","targetHints":{"allow":["GET"]}}],"collection":[{"href":"https:\/\/zonaroja.com.mx\/index.php?rest_route=\/wp\/v2\/posts"}],"about":[{"href":"https:\/\/zonaroja.com.mx\/index.php?rest_route=\/wp\/v2\/types\/post"}],"author":[{"embeddable":true,"href":"https:\/\/zonaroja.com.mx\/index.php?rest_route=\/wp\/v2\/users\/2"}],"replies":[{"embeddable":true,"href":"https:\/\/zonaroja.com.mx\/index.php?rest_route=%2Fwp%2Fv2%2Fcomments&post=17083"}],"version-history":[{"count":1,"href":"https:\/\/zonaroja.com.mx\/index.php?rest_route=\/wp\/v2\/posts\/17083\/revisions"}],"predecessor-version":[{"id":17085,"href":"https:\/\/zonaroja.com.mx\/index.php?rest_route=\/wp\/v2\/posts\/17083\/revisions\/17085"}],"wp:featuredmedia":[{"embeddable":true,"href":"https:\/\/zonaroja.com.mx\/index.php?rest_route=\/wp\/v2\/media\/17084"}],"wp:attachment":[{"href":"https:\/\/zonaroja.com.mx\/index.php?rest_route=%2Fwp%2Fv2%2Fmedia&parent=17083"}],"wp:term":[{"taxonomy":"category","embeddable":true,"href":"https:\/\/zonaroja.com.mx\/index.php?rest_route=%2Fwp%2Fv2%2Fcategories&post=17083"},{"taxonomy":"post_tag","embeddable":true,"href":"https:\/\/zonaroja.com.mx\/index.php?rest_route=%2Fwp%2Fv2%2Ftags&post=17083"}],"curies":[{"name":"wp","href":"https:\/\/api.w.org\/{rel}","templated":true}]}}