{"id":17086,"date":"2020-09-01T21:14:11","date_gmt":"2020-09-02T02:14:11","guid":{"rendered":"http:\/\/www.zonaroja.com.mx\/?p=17086"},"modified":"2020-09-01T21:14:15","modified_gmt":"2020-09-02T02:14:15","slug":"reconocen-legisladores-impulso-de-amlo-para-oaxaca-y-el-sureste-del-pais","status":"publish","type":"post","link":"https:\/\/zonaroja.com.mx\/?p=17086","title":{"rendered":"Reconocen legisladores impulso de AMLO para Oaxaca y el sureste del pa\u00eds"},"content":{"rendered":"\n<p>Redacci\u00f3n\/Zona Roja.<\/p>\n\n\n\n<p>Oaxaca de Ju\u00e1rez, Oax., 1 de septiembre de 2020.- En el marco del Segundo Informe de Gobierno Federal, diputados y diputadas locales oaxaque\u00f1as reconocieron el impulso y prioridad que el Presidente de la Rep\u00fablica, Andr\u00e9s Manuel L\u00f3pez Obrador, le est\u00e1 dando al sureste del pa\u00eds, especialmente al estado de Oaxaca.<\/p>\n\n\n\n<p>Al respecto el diputado, Horacio Sosa Villavicencio, presidente de la Junta de Coordinaci\u00f3n Pol\u00edtica en la 64 Legislatura, dijo que el mandatario federal, con grandes acciones le est\u00e1 cumpliendo a Oaxaca y al pueblo de M\u00e9xico.<\/p>\n\n\n\n<p>Prueba de ello son proyectos que llevaban a\u00f1os en el olvido, como lo son: las carreteras al Istmo y a la Costa, que ya son una realidad y tienen un avance importante.<\/p>\n\n\n\n<p>La legisladora Delfina Elizabeth Guzm\u00e1n D\u00edaz, sostuvo que la atinada estrategia del Gobierno de la Rep\u00fablica ha dado resultados profundos para el pa\u00eds, en el cual, millones de ciudadanas y ciudadanos reciben beneficio y justicia como nunca se hab\u00eda visto. Una pol\u00edtica p\u00fablica en la que siempre se encuentran \u201cprimero los pobres\u201d.<\/p>\n\n\n\n<p>En este mismo sentido, la representante popular Laura Estrada Mauro, reconoci\u00f3 los avances en diversos rubros del pa\u00eds, generados por las acciones implementadas por el Presidente de M\u00e9xico, pese a la actual crisis sanitaria, por lo que asegur\u00f3; \u201cel pueblo no se equivoc\u00f3 al elegir al gobierno de la Cuarta Transformaci\u00f3n\u201d.<\/p>\n\n\n\n<p>Tambi\u00e9n, C\u00e9sar Enrique Morales Ni\u00f1o sostuvo que han sido dos a\u00f1os de justicia social para el pueblo de M\u00e9xico, c\u00f3mo ocurri\u00f3 en Asunci\u00f3n Nochixtl\u00e1n con la construcci\u00f3n hist\u00f3rica de dos universidades, lo cual trajo educaci\u00f3n superior, empleo para la comunidad y becas para estudiantes.<\/p>\n\n\n\n<p>\u201cTambi\u00e9n, han sido dos a\u00f1os de castigo para los pol\u00edticos y empresarios corruptos y de combate a tanta injusticia, robo de los recursos p\u00fablicos e impunidad\u201d, asinti\u00f3.<\/p>\n\n\n\n<p>\u201cCon proyectos como el Corredor Interoce\u00e1nico del Istmo, por primera vez en mucho tiempo, Oaxaca y todo el sur del pa\u00eds tiene un papel protag\u00f3nico en la Cuarta Transformaci\u00f3n de M\u00e9xico, especialmente para nuestro Presidente L\u00f3pez Obrador\u201d, enfatiz\u00f3 el congresista, Fredie Delf\u00edn Avenda\u00f1o.<\/p>\n\n\n\n<p>La diputada, Aleida Tonelly Serrano Rosado, resalt\u00f3 que en estos dos a\u00f1os de gobierno se han atendido grandes males, el primero relativo a la delincuencia, la cual, ha sido debidamente combatida con la colaboraci\u00f3n y auxilio de las Fuerzas Armadas, permitiendo salvaguardar la seguridad de todas y todos; y el segundo, el concerniente al rezago en materia educativa y de salud, mediante el mantenimiento a las escuelas y hospitales.<\/p>\n\n\n\n<p>Este d\u00eda 1 de septiembre, en el patio central de Palacio Nacional, el Presidente Andr\u00e9s Manuel L\u00f3pez Obrador, dirigi\u00f3 un mensaje a la Naci\u00f3n con motivo de su Segundo Informe de Gobierno ante&nbsp; invitados especiales, miembros de su gabinete y representantes del Congreso de la Uni\u00f3n.<\/p>\n","protected":false},"excerpt":{"rendered":"<p>Redacci\u00f3n\/Zona Roja. Oaxaca de Ju\u00e1rez, Oax., 1 de septiembre de 2020.- En el marco del&hellip;<\/p>\n","protected":false},"author":2,"featured_media":17087,"comment_status":"closed","ping_status":"open","sticky":false,"template":"","format":"standard","meta":{"_lmt_disableupdate":"","_lmt_disable":"","_jetpack_memberships_contains_paid_content":false,"footnotes":""},"categories":[109,46],"tags":[213],"class_list":["post-17086","post","type-post","status-publish","format-standard","has-post-thumbnail","hentry","category-minuto-a-minuto","category-zona-blanca","tag-64-legislatura-de-oaxaca"],"jetpack_featured_media_url":"https:\/\/zonaroja.com.mx\/wp-content\/uploads\/2020\/09\/FOTO-Congresistas-Cesar-Morales-Nino-Aleida-Serrano-Horacio-Sosa-Laura-Estrada-Fredie-Delfin-y-Delfina-Elizabeth-Guzman.jpeg","jetpack_sharing_enabled":true,"_links":{"self":[{"href":"https:\/\/zonaroja.com.mx\/index.php?rest_route=\/wp\/v2\/posts\/17086","targetHints":{"allow":["GET"]}}],"collection":[{"href":"https:\/\/zonaroja.com.mx\/index.php?rest_route=\/wp\/v2\/posts"}],"about":[{"href":"https:\/\/zonaroja.com.mx\/index.php?rest_route=\/wp\/v2\/types\/post"}],"author":[{"embeddable":true,"href":"https:\/\/zonaroja.com.mx\/index.php?rest_route=\/wp\/v2\/users\/2"}],"replies":[{"embeddable":true,"href":"https:\/\/zonaroja.com.mx\/index.php?rest_route=%2Fwp%2Fv2%2Fcomments&post=17086"}],"version-history":[{"count":1,"href":"https:\/\/zonaroja.com.mx\/index.php?rest_route=\/wp\/v2\/posts\/17086\/revisions"}],"predecessor-version":[{"id":17088,"href":"https:\/\/zonaroja.com.mx\/index.php?rest_route=\/wp\/v2\/posts\/17086\/revisions\/17088"}],"wp:featuredmedia":[{"embeddable":true,"href":"https:\/\/zonaroja.com.mx\/index.php?rest_route=\/wp\/v2\/media\/17087"}],"wp:attachment":[{"href":"https:\/\/zonaroja.com.mx\/index.php?rest_route=%2Fwp%2Fv2%2Fmedia&parent=17086"}],"wp:term":[{"taxonomy":"category","embeddable":true,"href":"https:\/\/zonaroja.com.mx\/index.php?rest_route=%2Fwp%2Fv2%2Fcategories&post=17086"},{"taxonomy":"post_tag","embeddable":true,"href":"https:\/\/zonaroja.com.mx\/index.php?rest_route=%2Fwp%2Fv2%2Ftags&post=17086"}],"curies":[{"name":"wp","href":"https:\/\/api.w.org\/{rel}","templated":true}]}}