{"id":17092,"date":"2020-09-01T22:04:10","date_gmt":"2020-09-02T03:04:10","guid":{"rendered":"http:\/\/www.zonaroja.com.mx\/?p=17092"},"modified":"2020-09-01T22:04:13","modified_gmt":"2020-09-02T03:04:13","slug":"covid-inaugura-septiembre-en-oaxaca-con-10-decesos-y-108-casos-positivos","status":"publish","type":"post","link":"https:\/\/zonaroja.com.mx\/?p=17092","title":{"rendered":"Covid inaugura septiembre en Oaxaca con 10 decesos y 108 casos positivos"},"content":{"rendered":"\n<p>Redacci\u00f3n\/Zona Roja.<\/p>\n\n\n\n<p>Oaxaca de Ju\u00e1rez, Oax., 1 de septiembre de 2020.- Al corte de este martes 1 de septiembre, se contabilizan 108 casos nuevos de Covid-19, distribuidos en 38 municipios, que suman 13 mil 807 acumulados en toda la entidad, inform\u00f3 la dependencia Servicios de Salud de Oaxaca.<\/p>\n\n\n\n<p>Expuso que se han notificado 20 mil 520 casos, de los cuales cinco mil 987 han sido negativos, hay 726 casos sospechosos en espera de resultados por laboratorio, 12 mil 032 se han recuperado, y lamentablemente seis defunciones, que suman mil 286.<\/p>\n\n\n\n<p>Se\u00f1al\u00f3 que hay 489 casos activos, siendo la Jurisdicci\u00f3n Sanitaria n\u00famero uno Valles Centrales la que registra 384.<\/p>\n\n\n\n<p>Los municipios con mayor n\u00famero de casos son: Oaxaca de Ju\u00e1rez con 160, Santa Cruz Xoxocotl\u00e1n 39, Santa Luc\u00eda del Camino 27, Santa Cruz Amilpas 14, Villa de Zaachila 11 y Cuil\u00e1pam de Guerrero 10.<\/p>\n\n\n\n<p>La Mixteca registra 45 casos, siendo los municipios con mayor n\u00famero de casos activos: Huajuapan de Le\u00f3n con 32 y Tlaxiaco cuatro; en la Costa se tienen 28 casos activos, 12 en Santa Mar\u00eda Huatulco y cuatro en San Pedro Mixtepec.<\/p>\n\n\n\n<figure class=\"wp-block-embed-twitter wp-block-embed is-type-rich is-provider-twitter\"><div class=\"wp-block-embed__wrapper\">\n<div class=\"twitter-tweet\"><blockquote class=\"twitter-tweet\" data-lang=\"es\"><p lang=\"es\" dir=\"ltr\">El lavado de manos nos ayuda a limitar el riesgo de contagio del <a href=\"https:\/\/twitter.com\/hashtag\/COVID19?src=hash&amp;ref_src=twsrc%5Etfw\">#COVID19<\/a>, recuerda que debes hacerlo de manera frecuente y correcta para eliminar los virus que pueden enfermarte.<a href=\"https:\/\/twitter.com\/hashtag\/NoBajemosLaGuardia?src=hash&amp;ref_src=twsrc%5Etfw\">#NoBajemosLaGuardia<\/a> y mantengamos las medidas de prevenci\u00f3n. <a href=\"https:\/\/t.co\/a0clwry3At\">pic.twitter.com\/a0clwry3At<\/a><\/p>&mdash; Servicios de Salud (@SSO_GobOax) <a href=\"https:\/\/twitter.com\/SSO_GobOax\/status\/1300971002487173120?ref_src=twsrc%5Etfw\">2 de septiembre de 2020<\/a><\/blockquote><\/div>\n<\/div><\/figure>\n\n\n\n<p>En el Istmo hay 14 activos, cinco en Salina Cruz y tres en Santo Domingo Tehuantepec; la Sierra registra 11 activos, entre ellos: San Pablo Villa de Mitla y Tlacolula de Matamoros con tres cada uno, y Tuxtepec reporta siete activos, tres en San Juan Bautista Tuxtepec y dos en San Juan Lalana.<\/p>\n\n\n\n<p>Inform\u00f3 que la ocupaci\u00f3n hospitalaria global es del 39.4%, de los cuales el 46.3% es sin ventilador y el 26% con ventilador.<\/p>\n\n\n\n<p>Exhort\u00f3 a la poblaci\u00f3n que en caso de presentar s\u00edntomas como fiebre, tos seca, dolor de garganta, cansancio, dolor de cabeza, p\u00e9rdida de olfato o gusto y diarrea, se comuniquen a los tel\u00e9fonos: 800 770 8437, 951 516 8242, 951 51 1220 y 951 297 5741, donde les dir\u00e1n qu\u00e9 hacer en caso de alguna complicaci\u00f3n.<\/p>\n\n\n\n<p>Finalmente dijo que las y los oaxaque\u00f1os deben continuar con las medidas de prevenci\u00f3n como el uso correcto del cubrebocas, lavado de manos con agua y jab\u00f3n, y aplicar la sana distancia en espacios p\u00fablicos y privados, y si pueden, quedarse en casa.<\/p>\n","protected":false},"excerpt":{"rendered":"<p>Redacci\u00f3n\/Zona Roja. Oaxaca de Ju\u00e1rez, Oax., 1 de septiembre de 2020.- Al corte de este&hellip;<\/p>\n","protected":false},"author":2,"featured_media":17093,"comment_status":"closed","ping_status":"open","sticky":false,"template":"","format":"standard","meta":{"_lmt_disableupdate":"","_lmt_disable":"","_jetpack_memberships_contains_paid_content":false,"footnotes":""},"categories":[109,47],"tags":[1512],"class_list":["post-17092","post","type-post","status-publish","format-standard","has-post-thumbnail","hentry","category-minuto-a-minuto","category-zona-gris","tag-coronavirus-oaxaca"],"jetpack_featured_media_url":"https:\/\/zonaroja.com.mx\/wp-content\/uploads\/2020\/09\/SSO-1-1.jpeg","jetpack_sharing_enabled":true,"_links":{"self":[{"href":"https:\/\/zonaroja.com.mx\/index.php?rest_route=\/wp\/v2\/posts\/17092","targetHints":{"allow":["GET"]}}],"collection":[{"href":"https:\/\/zonaroja.com.mx\/index.php?rest_route=\/wp\/v2\/posts"}],"about":[{"href":"https:\/\/zonaroja.com.mx\/index.php?rest_route=\/wp\/v2\/types\/post"}],"author":[{"embeddable":true,"href":"https:\/\/zonaroja.com.mx\/index.php?rest_route=\/wp\/v2\/users\/2"}],"replies":[{"embeddable":true,"href":"https:\/\/zonaroja.com.mx\/index.php?rest_route=%2Fwp%2Fv2%2Fcomments&post=17092"}],"version-history":[{"count":1,"href":"https:\/\/zonaroja.com.mx\/index.php?rest_route=\/wp\/v2\/posts\/17092\/revisions"}],"predecessor-version":[{"id":17094,"href":"https:\/\/zonaroja.com.mx\/index.php?rest_route=\/wp\/v2\/posts\/17092\/revisions\/17094"}],"wp:featuredmedia":[{"embeddable":true,"href":"https:\/\/zonaroja.com.mx\/index.php?rest_route=\/wp\/v2\/media\/17093"}],"wp:attachment":[{"href":"https:\/\/zonaroja.com.mx\/index.php?rest_route=%2Fwp%2Fv2%2Fmedia&parent=17092"}],"wp:term":[{"taxonomy":"category","embeddable":true,"href":"https:\/\/zonaroja.com.mx\/index.php?rest_route=%2Fwp%2Fv2%2Fcategories&post=17092"},{"taxonomy":"post_tag","embeddable":true,"href":"https:\/\/zonaroja.com.mx\/index.php?rest_route=%2Fwp%2Fv2%2Ftags&post=17092"}],"curies":[{"name":"wp","href":"https:\/\/api.w.org\/{rel}","templated":true}]}}