{"id":17095,"date":"2020-09-02T07:42:10","date_gmt":"2020-09-02T12:42:10","guid":{"rendered":"http:\/\/www.zonaroja.com.mx\/?p=17095"},"modified":"2020-09-02T07:42:14","modified_gmt":"2020-09-02T12:42:14","slug":"lopez-obrador-le-cumple-a-oaxaca-horacio-sosa-villavicencio","status":"publish","type":"post","link":"https:\/\/zonaroja.com.mx\/?p=17095","title":{"rendered":"L\u00f3pez Obrador le cumple a Oaxaca: Horacio Sosa Villavicencio"},"content":{"rendered":"\n<p>Redacci\u00f3n\/Zona Roja.<\/p>\n\n\n\n<p>Oaxaca de Ju\u00e1rez, Oax., 2 de septiembre de 2020.- El l\u00edder de la bancada del Partido Morena en el Congreso del Estado, Horacio Sosa Villavicencio, indic\u00f3 que el Presidente de la Rep\u00fablica, Andr\u00e9s Manuel L\u00f3pez Obrador, con grandes acciones le est\u00e1 cumpliendo a Oaxaca y al pueblo de M\u00e9xico.<\/p>\n\n\n\n<p>Mencion\u00f3 que proyectos que llevaban a\u00f1os en el olvido, como lo son las supercarreteras al Istmo y a la Costa, son una realidad y tienen un avance muy importante.<\/p>\n\n\n\n<p>Destac\u00f3 el inter\u00e9s del Presidente en cumplir esta meta y supervisar de manera personal el avance de la construcci\u00f3n de estas v\u00edas de comunicaci\u00f3n.<\/p>\n\n\n\n<p>En este sentido dijo, el Gobierno Federal est\u00e1 construyendo 133 caminos hasta su cabecera municipal, de los cuales 108 se concluir\u00e1n este a\u00f1o y 25 ya se encuentran concluidos.<\/p>\n\n\n\n<p>Sosa Villavicencio apunt\u00f3 que, a pesar de toda la adversidad por la pandemia, Andr\u00e9s Manuel est\u00e1 dando resultados palpables a los y las oaxaque\u00f1as. Aludi\u00f3 como ejemplo la rehabilitaci\u00f3n de 50 hospitales, la inversi\u00f3n de 10 mil millones de pesos y la dotaci\u00f3n de ventiladores, al sector salud en la entidad.<\/p>\n\n\n\n<p>En cuanto al sector educativo, la Cuarta Transformaci\u00f3n impulsada por L\u00f3pez Obrador, benefici\u00f3 a Oaxaca&nbsp; habilitando 18 universidades Bienestar, ubicadas en&nbsp; los municipios de Nochixtl\u00e1n, Ixtepec, Huautla de Jim\u00e9nez, Zaachila, Jalapa de D\u00edaz, Jalapa del Marqu\u00e9s, Tututepec, Putla, Valle Nacional, Pochutla, Cuicatl\u00e1n, Amatl\u00e1n, Tlacolula, Telixtlahuaca, Yolom\u00e9catl, Villa Alta, Amatitl\u00e1n y Tlaxiaco, por mencionar a algunos.<\/p>\n\n\n\n<p>Adem\u00e1s de mejorar las condiciones de vida de la poblaci\u00f3n a trav\u00e9s de la implementaci\u00f3n de programas sociales, entre ellos: las Becas Bienestar a las y los estudiantes de primaria, secundaria y preparatoria, as\u00ed como el programa social \u201cJ\u00f3venes construyendo el futuro\u201d, quienes reciben apoyos de tres mil pesos mensuales.<\/p>\n\n\n\n<p>\u201cVemos con optimismo que la gente, que el pueblo tiene confianza en su Presidente, ello a pesar de toda una campa\u00f1a de desprestigio por parte de detractores, AMLO est\u00e1 saliendo adelante con m\u00e1s del 60 por ciento de aceptaci\u00f3n\u201d, asever\u00f3 el representante popular.<\/p>\n\n\n\n<p>Para contribuir al sector econ\u00f3mico afectado por la pandemia de Covid-19, el Gobierno Federal ha entregado 23 mil cr\u00e9ditos que van desde los seis mil hasta los 25 mil pesos, en apoyo a la econom\u00eda de las familias m\u00e1s vulnerables econ\u00f3micamente.<\/p>\n\n\n\n<p>Finalmente, el tambi\u00e9n Presidente de la Junta de Coordinaci\u00f3n Pol\u00edtica (Jucopo) del Congreso local, reiter\u00f3 su compromiso de trabajar con vocaci\u00f3n de servicio, a favor de los y las oaxaque\u00f1as, de la mano del Presidente de la Rep\u00fablica y contribuir al progreso que representa la Cuarta Transformaci\u00f3n para la entidad y el pa\u00eds.<\/p>\n","protected":false},"excerpt":{"rendered":"<p>Redacci\u00f3n\/Zona Roja. Oaxaca de Ju\u00e1rez, Oax., 2 de septiembre de 2020.- El l\u00edder de la&hellip;<\/p>\n","protected":false},"author":2,"featured_media":17096,"comment_status":"closed","ping_status":"open","sticky":false,"template":"","format":"standard","meta":{"_lmt_disableupdate":"","_lmt_disable":"","_jetpack_memberships_contains_paid_content":false,"footnotes":""},"categories":[109,46],"tags":[444],"class_list":["post-17095","post","type-post","status-publish","format-standard","has-post-thumbnail","hentry","category-minuto-a-minuto","category-zona-blanca","tag-horacio-sosa-villavicencio"],"jetpack_featured_media_url":"https:\/\/zonaroja.com.mx\/wp-content\/uploads\/2020\/09\/AMLO-le-cumple-a-Oaxaca-Diputado-Horacio-Sosa-Villavicencio.jpeg","jetpack_sharing_enabled":true,"_links":{"self":[{"href":"https:\/\/zonaroja.com.mx\/index.php?rest_route=\/wp\/v2\/posts\/17095","targetHints":{"allow":["GET"]}}],"collection":[{"href":"https:\/\/zonaroja.com.mx\/index.php?rest_route=\/wp\/v2\/posts"}],"about":[{"href":"https:\/\/zonaroja.com.mx\/index.php?rest_route=\/wp\/v2\/types\/post"}],"author":[{"embeddable":true,"href":"https:\/\/zonaroja.com.mx\/index.php?rest_route=\/wp\/v2\/users\/2"}],"replies":[{"embeddable":true,"href":"https:\/\/zonaroja.com.mx\/index.php?rest_route=%2Fwp%2Fv2%2Fcomments&post=17095"}],"version-history":[{"count":1,"href":"https:\/\/zonaroja.com.mx\/index.php?rest_route=\/wp\/v2\/posts\/17095\/revisions"}],"predecessor-version":[{"id":17097,"href":"https:\/\/zonaroja.com.mx\/index.php?rest_route=\/wp\/v2\/posts\/17095\/revisions\/17097"}],"wp:featuredmedia":[{"embeddable":true,"href":"https:\/\/zonaroja.com.mx\/index.php?rest_route=\/wp\/v2\/media\/17096"}],"wp:attachment":[{"href":"https:\/\/zonaroja.com.mx\/index.php?rest_route=%2Fwp%2Fv2%2Fmedia&parent=17095"}],"wp:term":[{"taxonomy":"category","embeddable":true,"href":"https:\/\/zonaroja.com.mx\/index.php?rest_route=%2Fwp%2Fv2%2Fcategories&post=17095"},{"taxonomy":"post_tag","embeddable":true,"href":"https:\/\/zonaroja.com.mx\/index.php?rest_route=%2Fwp%2Fv2%2Ftags&post=17095"}],"curies":[{"name":"wp","href":"https:\/\/api.w.org\/{rel}","templated":true}]}}