{"id":17098,"date":"2020-09-02T07:51:20","date_gmt":"2020-09-02T12:51:20","guid":{"rendered":"http:\/\/www.zonaroja.com.mx\/?p=17098"},"modified":"2020-09-02T07:51:24","modified_gmt":"2020-09-02T12:51:24","slug":"falta-de-voluntad-politica-y-simulacion-obstaculos-de-alerta-de-genero-en-oaxaca","status":"publish","type":"post","link":"https:\/\/zonaroja.com.mx\/?p=17098","title":{"rendered":"Falta de voluntad pol\u00edtica y simulaci\u00f3n, obst\u00e1culos de Alerta de G\u00e9nero en Oaxaca"},"content":{"rendered":"\n<p>Evlin Arag\u00f3n\/Zona Roja.<\/p>\n\n\n\n<p>Oaxaca de Ju\u00e1rez, Oax., 2 de septiembre de 2020.- A dos a\u00f1os de la declaratoria de Alerta de Violencia de G\u00e9nero en Oaxaca, los principales obst\u00e1culos que enfrentado su aplicaci\u00f3n es la falta de voluntad pol\u00edtica por parte de la administraci\u00f3n que encabeza Alejandro Murat Hinojosa y la simulaci\u00f3n con la act\u00faan las dependencias que recibieron alg\u00fan tipo de recomendaci\u00f3n por el equipo de especialistas.&nbsp;&nbsp;<\/p>\n\n\n\n<p>As\u00ed lo dio a conocer la activista Yesica S\u00e1nchez Maya, quien manifest\u00f3 que existe una preocupaci\u00f3n importante por parte de las feministas en la entidad, debido a la falta de seriedad y la simulaci\u00f3n con la que se ha abordado la problem\u00e1tica, adem\u00e1s de la falta de voluntad pol\u00edtica para convocar a las reuniones que permitan la coordinaci\u00f3n de las acciones en todo el estado.&nbsp;&nbsp;<\/p>\n\n\n\n<p>\u201cNos damos cuenta que no hay voluntad pol\u00edtica para seguir las recomendaciones realizadas por el equipo de expertas, el gobierno no ha convocado a las \u00e1reas involucradas y los municipios a reuniones en las que se puedan coordinas y definir la ruta que deben seguir para dar atenci\u00f3n puntual a la problem\u00e1tica\u201d, refiri\u00f3 en un video publicado con motivo de los dos a\u00f1os del decreto de la Alerta de \u00e9nero.&nbsp;<\/p>\n\n\n\n<p>La tambi\u00e9n representante de Consorcio Oaxaca puso de manifiesto que existe una simulaci\u00f3n por parte de la Secretar\u00eda de las Mujeres de Oaxaca (SMO), cuya preocupaci\u00f3n principal en mantener una estrategia que cuida la imagen del gobernador, no as\u00ed actuar como responsable de la pol\u00edtica p\u00fablica con perspectiva de g\u00e9nero en la entidad.&nbsp;<\/p>\n\n\n\n<p>En este sentido, recrimin\u00f3 que las acciones realizadas por Ana V\u00e1squez Colmenares est\u00e9n dirigidas a una clase media alta y no existe un trabajo territorial que incluyan procesos de concertaci\u00f3n con las dem\u00e1s instancias involucradas como la Fiscal\u00eda General, el Tribunal del Poder Judicial, incluso el Poder Legislativo y lo municipios.&nbsp;<\/p>\n\n\n\n<p>\u201cEstamos hablando de una aceptaci\u00f3n simulada de la alerta, no sabemos cu\u00e1les son las acciones reales, mucho menos el presupuesto asignado. No hay claridad y es preocupante porque no nos queda claro el tema de las acciones a favor de los derechos de las mujeres\u201d, dijo.&nbsp;<\/p>\n\n\n\n<p>Sin titubeo y con las cifras de feminicidios al alza, S\u00e1nchez Maya asegur\u00f3 que la alerta en Oaxaca es fallida, no por el mecanismo que es valioso e importante, sino porque se politiza y se simula, mientras que los cuerpos y la vida de las mujeres ponen en evidencia el nivel de simulaci\u00f3n por parte de las autoridades&nbsp;<\/p>\n\n\n\n<p>Finalmente, explic\u00f3 que la Alerta es un mecanismo que emana de la Ley General de Acceso de la Mujeres a una Vida Libre de Violencia y busca interpelar a los gobiernos, tanto federal, estatal y municipal, para que implementen acciones urgentes e inmediatas que puedan enfrentar las condiciones de violencia que viven las mujeres en lugares espec\u00edficos y determinados.<\/p>\n\n\n\n<p>Fue la Defensor\u00eda de los Derechos Humanos del Pueblo de Oaxaca quien realiz\u00f3 la petici\u00f3n del mecanismo, ante la creciente violencia de g\u00e9nero y feminicida en la entidad, la cual se decret\u00f3 para 40 municipios el pasado 30 de agosto del 2018 y fue aceptada por el gobierno de Alejandro Murat Hinojosa.&nbsp; \u201cNos queda claro que el gobierno de Oaxaca la acept\u00f3 como un tema de imagen, pero no como preocupaci\u00f3n real de implementar acciones\u201d, concluy\u00f3.<\/p>\n","protected":false},"excerpt":{"rendered":"<p>Evlin Arag\u00f3n\/Zona Roja. Oaxaca de Ju\u00e1rez, Oax., 2 de septiembre de 2020.- A dos a\u00f1os&hellip;<\/p>\n","protected":false},"author":2,"featured_media":17099,"comment_status":"closed","ping_status":"open","sticky":false,"template":"","format":"standard","meta":{"_lmt_disableupdate":"","_lmt_disable":"","_jetpack_memberships_contains_paid_content":false,"footnotes":""},"categories":[109,47],"tags":[461,1976],"class_list":["post-17098","post","type-post","status-publish","format-standard","has-post-thumbnail","hentry","category-minuto-a-minuto","category-zona-gris","tag-violencia-feminicida-oaxaca","tag-yesica-sanchez-maya"],"jetpack_featured_media_url":"https:\/\/zonaroja.com.mx\/wp-content\/uploads\/2020\/09\/Yesica-Sanchez-Maya.png","jetpack_sharing_enabled":true,"_links":{"self":[{"href":"https:\/\/zonaroja.com.mx\/index.php?rest_route=\/wp\/v2\/posts\/17098","targetHints":{"allow":["GET"]}}],"collection":[{"href":"https:\/\/zonaroja.com.mx\/index.php?rest_route=\/wp\/v2\/posts"}],"about":[{"href":"https:\/\/zonaroja.com.mx\/index.php?rest_route=\/wp\/v2\/types\/post"}],"author":[{"embeddable":true,"href":"https:\/\/zonaroja.com.mx\/index.php?rest_route=\/wp\/v2\/users\/2"}],"replies":[{"embeddable":true,"href":"https:\/\/zonaroja.com.mx\/index.php?rest_route=%2Fwp%2Fv2%2Fcomments&post=17098"}],"version-history":[{"count":1,"href":"https:\/\/zonaroja.com.mx\/index.php?rest_route=\/wp\/v2\/posts\/17098\/revisions"}],"predecessor-version":[{"id":17100,"href":"https:\/\/zonaroja.com.mx\/index.php?rest_route=\/wp\/v2\/posts\/17098\/revisions\/17100"}],"wp:featuredmedia":[{"embeddable":true,"href":"https:\/\/zonaroja.com.mx\/index.php?rest_route=\/wp\/v2\/media\/17099"}],"wp:attachment":[{"href":"https:\/\/zonaroja.com.mx\/index.php?rest_route=%2Fwp%2Fv2%2Fmedia&parent=17098"}],"wp:term":[{"taxonomy":"category","embeddable":true,"href":"https:\/\/zonaroja.com.mx\/index.php?rest_route=%2Fwp%2Fv2%2Fcategories&post=17098"},{"taxonomy":"post_tag","embeddable":true,"href":"https:\/\/zonaroja.com.mx\/index.php?rest_route=%2Fwp%2Fv2%2Ftags&post=17098"}],"curies":[{"name":"wp","href":"https:\/\/api.w.org\/{rel}","templated":true}]}}