{"id":17101,"date":"2020-09-02T07:55:45","date_gmt":"2020-09-02T12:55:45","guid":{"rendered":"http:\/\/www.zonaroja.com.mx\/?p=17101"},"modified":"2020-09-02T09:55:33","modified_gmt":"2020-09-02T14:55:33","slug":"autoridad-de-guelatao-pide-a-vecinos-de-ixtlan-respetar-los-limites-de-tierra","status":"publish","type":"post","link":"https:\/\/zonaroja.com.mx\/?p=17101","title":{"rendered":"Autoridad de Guelatao pide a vecinos de Ixtl\u00e1n respetar los l\u00edmites de tierra"},"content":{"rendered":"\n<p>Evlin Arag\u00f3n\/Zona Roja.<\/p>\n\n\n\n<p>Oaxaca de Ju\u00e1rez, Oax., 2 de septiembre de 2020.- Autoridades comunales de San Pablo Guelatao, encabezadas por Jes\u00fas Hern\u00e1ndez Cruz y Rodrigo Cruz Santiago, pidieron a sus vecinos de Ixtl\u00e1n de Ju\u00e1rez respeto a los l\u00edmites de tierras conforme al decreto presidencial emitido en 1972 y que actualmente se encuentran en conflicto.&nbsp;<\/p>\n\n\n\n<p>En un documento dirigido al Presidente de la Rep\u00fablica, Andr\u00e9s Manuel L\u00f3pez Obrador; al magistrado del Tribunal Agrario, Luis Modesto Ponce de Le\u00f3n, y al gobernador de Oaxaca, Alejandro Murat Hinojosa, explicaron que la conflictividad agraria entre ambas comunidades ha estado presente desde la \u00e9poca Colonial y se ha afianzado debido al despotismo con el que ha actuado la cabecera municipal de Ixtl\u00e1n.&nbsp;<\/p>\n\n\n\n<p>La situaci\u00f3n se ha intensificado luego de que, en 1990, el programa privatizador Procede elaborara un nuevo mapa de los terrenos de ambas comunidades, lesionando el territorio de Guelatao, pasando por alto la Resoluci\u00f3n Presidencial, lo que dio elementos para que habitantes de Ixtl\u00e1n invadieran de manera e ileg\u00edtima sus terrenos.&nbsp;<\/p>\n\n\n\n<p>As\u00ed mismo, denunciaron que han tenido que enfrentar una constante actitud prepotente con la que es tratada la comunidad de Guelatao, que por su situaci\u00f3n geogr\u00e1fica recibe agua potable y de riego que nace en monta\u00f1as de Ixtl\u00e1n; no s\u00f3lo recibe el vital l\u00edquido, sino tambi\u00e9n los residuos que da\u00f1an la salud de sus habitantes.&nbsp;<\/p>\n\n\n\n<p>\u201cLa contaminaci\u00f3n de las aguas de los arroyos \u2018Shoo-betoo\u2019 y \u2018Shoo begu\u2019, por las aguas negras de Ixtl\u00e1n, escurren hacia Guelatao y da\u00f1an directamente la salud de nuestra comunidad\u201d refiere el documento.&nbsp;<\/p>\n\n\n\n<p>El centralismo de los recursos econ\u00f3micos, comerciales y de atenci\u00f3n sanitaria tambi\u00e9n ha profundizado las diferencias entre las localidades, ya que Guelatao reclama relaciones asim\u00e9tricas en perjuicio de su gente por lo que pidieron la intervenci\u00f3n de la autoridades estatales, federales y agrarias.&nbsp;<\/p>\n\n\n\n<p>De forma espec\u00edfica, solicitaron se garantice el respeto absoluto a la Resoluci\u00f3n Presidencial y Carpeta B\u00e1sica entregada en 1972 y se revoquen las disposiciones administrativas realizadas por el Procede entre las dos comunidades; as\u00ed mismo que se respeten los terrenos enclavados de los comuneros del n\u00facleo agrario San Pablo Guelatao en las tierras de la comunidad agraria de Ixtl\u00e1n.&nbsp;<\/p>\n\n\n\n<p>A la par que pidieron a los habitantes de la cabecera municipal que cobren conciencia de la extensi\u00f3n de terreno con que cuentan, raz\u00f3n por la que no necesitan invadir terrenos que el gobierno federal ha reconocido como propiedad de Guelatao.&nbsp;&nbsp;<\/p>\n\n\n\n<p>\u201cLa ubicaci\u00f3n geogr\u00e1fica y el desarrollo de la comunidad de Ixtl\u00e1n est\u00e1 da\u00f1ando directamente a Guelatao; por lo tanto, les solicitamos que la planeaci\u00f3n del desarrollo y progreso tome en cuenta la adversidad de nuestra comunidad, que de manera honesta practicamos una manera pol\u00edtica de respeto y de buena vecindad\u201d, se\u00f1alaron.<\/p>\n","protected":false},"excerpt":{"rendered":"<p>Evlin Arag\u00f3n\/Zona Roja. Oaxaca de Ju\u00e1rez, Oax., 2 de septiembre de 2020.- Autoridades comunales de&hellip;<\/p>\n","protected":false},"author":2,"featured_media":17107,"comment_status":"closed","ping_status":"open","sticky":false,"template":"","format":"standard","meta":{"_lmt_disableupdate":"","_lmt_disable":"","_jetpack_memberships_contains_paid_content":false,"footnotes":""},"categories":[109,47],"tags":[1977],"class_list":["post-17101","post","type-post","status-publish","format-standard","has-post-thumbnail","hentry","category-minuto-a-minuto","category-zona-gris","tag-san-pablo-guelatao"],"jetpack_featured_media_url":"https:\/\/zonaroja.com.mx\/wp-content\/uploads\/2020\/09\/San-Pablo-Guelatao.jpg","jetpack_sharing_enabled":true,"_links":{"self":[{"href":"https:\/\/zonaroja.com.mx\/index.php?rest_route=\/wp\/v2\/posts\/17101","targetHints":{"allow":["GET"]}}],"collection":[{"href":"https:\/\/zonaroja.com.mx\/index.php?rest_route=\/wp\/v2\/posts"}],"about":[{"href":"https:\/\/zonaroja.com.mx\/index.php?rest_route=\/wp\/v2\/types\/post"}],"author":[{"embeddable":true,"href":"https:\/\/zonaroja.com.mx\/index.php?rest_route=\/wp\/v2\/users\/2"}],"replies":[{"embeddable":true,"href":"https:\/\/zonaroja.com.mx\/index.php?rest_route=%2Fwp%2Fv2%2Fcomments&post=17101"}],"version-history":[{"count":1,"href":"https:\/\/zonaroja.com.mx\/index.php?rest_route=\/wp\/v2\/posts\/17101\/revisions"}],"predecessor-version":[{"id":17103,"href":"https:\/\/zonaroja.com.mx\/index.php?rest_route=\/wp\/v2\/posts\/17101\/revisions\/17103"}],"wp:featuredmedia":[{"embeddable":true,"href":"https:\/\/zonaroja.com.mx\/index.php?rest_route=\/wp\/v2\/media\/17107"}],"wp:attachment":[{"href":"https:\/\/zonaroja.com.mx\/index.php?rest_route=%2Fwp%2Fv2%2Fmedia&parent=17101"}],"wp:term":[{"taxonomy":"category","embeddable":true,"href":"https:\/\/zonaroja.com.mx\/index.php?rest_route=%2Fwp%2Fv2%2Fcategories&post=17101"},{"taxonomy":"post_tag","embeddable":true,"href":"https:\/\/zonaroja.com.mx\/index.php?rest_route=%2Fwp%2Fv2%2Ftags&post=17101"}],"curies":[{"name":"wp","href":"https:\/\/api.w.org\/{rel}","templated":true}]}}