{"id":17112,"date":"2020-09-02T14:03:02","date_gmt":"2020-09-02T19:03:02","guid":{"rendered":"https:\/\/www.zonaroja.com.mx\/?p=17112"},"modified":"2020-09-02T19:09:17","modified_gmt":"2020-09-03T00:09:17","slug":"rechaza-congreso-comparecencia-del-fiscal-porque-era-para-un-solo-tema","status":"publish","type":"post","link":"https:\/\/zonaroja.com.mx\/?p=17112","title":{"rendered":"Rechaza Congreso comparecencia del fiscal&#8230; porque era para un solo tema"},"content":{"rendered":"\n<p class=\"MsoNormal\">Yuridiana Sosa\/Zona Roja. <\/p>\n\n\n\n<p class=\"MsoNormal\">Oaxaca de Ju\u00e1rez, Oax., 2 de septiembre de 2020.-  Con el objetivo de ampliar los temas de la comparecencia del fiscal General de Oaxaca, Rub\u00e9n Vasconcelos M\u00e9ndez, los diputados de la 64 Legislatura desecharon la cita programada para el pr\u00f3ximo <a href=\"\/\/1\">8 de septiembre<\/a>, fijada para un \u00fanico asunto.<\/p>\n\n\n\n<p class=\"MsoNormal\">Con 12 votos en contra del acuerdo parlamentario por el cual se citar\u00eda al titular de la Fiscal\u00eda General del Estado de Oaxaca a rendir un informe sobre la desaparici\u00f3n de Jes\u00fas Israel Moreno P\u00e9rez, originario de la Ciudad de M\u00e9xico y desaparecido el 8 de julio de 2011 en la regi\u00f3n Costa, la Junta de Coordinaci\u00f3n Pol\u00edtica (Jucopo) reprogramar\u00e1 la asistencia.<\/p>\n\n\n\n<figure class=\"wp-block-embed-twitter wp-block-embed is-type-rich is-provider-twitter\"><div class=\"wp-block-embed__wrapper\">\n<div class=\"twitter-tweet\"><blockquote class=\"twitter-tweet\" data-lang=\"es\"><p lang=\"es\" dir=\"ltr\"><a href=\"https:\/\/twitter.com\/hashtag\/%C3%9AltimoMinuto?src=hash&amp;ref_src=twsrc%5Etfw\">#\u00daltimoMinuto<\/a> <br>(1) Uno de los primeros puntos del orden del d\u00eda en el pleno del <a href=\"https:\/\/twitter.com\/CongresoOaxLXIV?ref_src=twsrc%5Etfw\">@CongresoOaxLXIV<\/a> fue discutir la comparecencia del titular de la <a href=\"https:\/\/twitter.com\/FISCALIA_GobOax?ref_src=twsrc%5Etfw\">@FISCALIA_GobOax<\/a>, <a href=\"https:\/\/twitter.com\/RVasconcelosM?ref_src=twsrc%5Etfw\">@RVasconcelosM<\/a>, el pr\u00f3ximo martes. <a href=\"https:\/\/t.co\/sKcmYWVQug\">pic.twitter.com\/sKcmYWVQug<\/a><\/p>&mdash; Zona Roja Oaxaca (@MexRoja) <a href=\"https:\/\/twitter.com\/MexRoja\/status\/1301207251953364992?ref_src=twsrc%5Etfw\">2 de septiembre de 2020<\/a><\/blockquote><\/div>\n<\/div><\/figure>\n\n\n\n<p class=\"MsoNormal\">Los diputados C\u00e9sar Morales Ni\u00f1o, del PT; Aurora L\u00f3pez de PVEM y&nbsp;Aleyda Tonelly Serrano, de Mujeres Independientes, entre otros, se\u00f1alaron que deben aprovechar la visita del fiscal para abordar diversos problemas que siguen sin resolverse en Oaxaca.<\/p>\n\n\n\n<p class=\"MsoNormal\">Auroral L\u00f3pez indic\u00f3 que aunque la desaparici\u00f3n del joven estudiante hace nueve a\u00f1os en importante, no debe ser el \u00fanico asunto por el que se llame a comparecer; Morales Ni\u00f1o coincidi\u00f3\u00a0con el planteamiento de su compa\u00f1era al se\u00f1alar que persiste una serie de hechos violentos, como ejecuciones, feminicidios, desapariciones por las cuales tambi\u00e9n se deben rendir un informe.<\/p>\n\n\n\n<figure class=\"wp-block-embed-twitter wp-block-embed is-type-rich is-provider-twitter\"><div class=\"wp-block-embed__wrapper\">\n<div class=\"twitter-tweet\"><blockquote class=\"twitter-tweet\" data-lang=\"es\"><p lang=\"es\" dir=\"ltr\"><a href=\"https:\/\/twitter.com\/hashtag\/%C3%9AltimoMinuto?src=hash&amp;ref_src=twsrc%5Etfw\">#\u00daltimoMinuto<\/a> <br>(2) Sin embargo, diversos legisladores, como Aurora L\u00f3pez, <a href=\"https:\/\/twitter.com\/cesarmoralesn?ref_src=twsrc%5Etfw\">@cesarmoralesn<\/a>, <a href=\"https:\/\/twitter.com\/pavel_mc?ref_src=twsrc%5Etfw\">@pavel_mc<\/a>, Aleyda Tonelly Serrano, entre otros, rechazaron la comparecencia por un solo tema -la desaparici\u00f3n del estudiante de la UNAM en la Costa- y pidieron se ampliara. <a href=\"https:\/\/t.co\/EUFBTEjmv4\">pic.twitter.com\/EUFBTEjmv4<\/a><\/p>&mdash; Zona Roja Oaxaca (@MexRoja) <a href=\"https:\/\/twitter.com\/MexRoja\/status\/1301210019862646786?ref_src=twsrc%5Etfw\">2 de septiembre de 2020<\/a><\/blockquote><\/div>\n<\/div><\/figure>\n\n\n\n<p class=\"MsoNormal\">En su intervenci\u00f3n, la diputada Aleyda Tonelly  Serrano, demand\u00f3 como presidenta de la Comisi\u00f3n de Seguimiento de la Alerta de Violencia de G\u00e9nero para los 40 municipios de Oaxaca, que este tema no puede quedar fuera de la exposici\u00f3n del fiscal, pues en necesario conocer los avances que existen en la aplicaci\u00f3n de esta medida a favor de las oaxaque\u00f1as.<\/p>\n\n\n\n<p class=\"MsoNormal\">La propuesta de la comparecencia del titular de la FGEO se aprob\u00f3 el pasado 29 de julio con 24 votos a favor, a petici\u00f3n de la bancada parlamentaria de Morena, con el respaldo de dos legisladoras independientes y ante la ausencia de los legisladores del Partido Revolucionario Institucional (PRI), Verde Ecologista de M\u00e9xico (PVEM) y Partido Encuentro Social (PES).<\/p>\n\n\n\n<figure class=\"wp-block-embed-twitter wp-block-embed is-type-rich is-provider-twitter\"><div class=\"wp-block-embed__wrapper\">\n<div class=\"twitter-tweet\"><blockquote class=\"twitter-tweet\" data-lang=\"es\"><p lang=\"es\" dir=\"ltr\"><a href=\"https:\/\/twitter.com\/hashtag\/%C3%9AltimoMinuto?src=hash&amp;ref_src=twsrc%5Etfw\">#\u00daltimoMinuto<\/a> <br>(3) Al final, la comparecencia del fiscal <a href=\"https:\/\/twitter.com\/RVasconcelosM?ref_src=twsrc%5Etfw\">@RVasconcelosM<\/a> del pr\u00f3ximo martes fue desechada por 12 votos contra siete; ser\u00e1 reprogramada por la Junta de Coordinaci\u00f3n Pol\u00edtica del <a href=\"https:\/\/twitter.com\/CongresoOaxLXIV?ref_src=twsrc%5Etfw\">@CongresoOaxLXIV<\/a>. <a href=\"https:\/\/t.co\/SjE0um7RTR\">pic.twitter.com\/SjE0um7RTR<\/a><\/p>&mdash; Zona Roja Oaxaca (@MexRoja) <a href=\"https:\/\/twitter.com\/MexRoja\/status\/1301212092305993728?ref_src=twsrc%5Etfw\">2 de septiembre de 2020<\/a><\/blockquote><\/div>\n<\/div><\/figure>\n","protected":false},"excerpt":{"rendered":"<p>Yuridiana Sosa\/Zona Roja. Oaxaca de Ju\u00e1rez, Oax., 2 de septiembre de 2020.- Con el objetivo&hellip;<\/p>\n","protected":false},"author":2,"featured_media":17111,"comment_status":"closed","ping_status":"open","sticky":false,"template":"","format":"standard","meta":{"_lmt_disableupdate":"","_lmt_disable":"","_jetpack_memberships_contains_paid_content":false,"footnotes":""},"categories":[109,47],"tags":[213],"class_list":["post-17112","post","type-post","status-publish","format-standard","has-post-thumbnail","hentry","category-minuto-a-minuto","category-zona-gris","tag-64-legislatura-de-oaxaca"],"jetpack_featured_media_url":"https:\/\/zonaroja.com.mx\/wp-content\/uploads\/2020\/09\/a45817c5-bdd1-46c9-8669-cd80d13d997e.jpg","jetpack_sharing_enabled":true,"_links":{"self":[{"href":"https:\/\/zonaroja.com.mx\/index.php?rest_route=\/wp\/v2\/posts\/17112","targetHints":{"allow":["GET"]}}],"collection":[{"href":"https:\/\/zonaroja.com.mx\/index.php?rest_route=\/wp\/v2\/posts"}],"about":[{"href":"https:\/\/zonaroja.com.mx\/index.php?rest_route=\/wp\/v2\/types\/post"}],"author":[{"embeddable":true,"href":"https:\/\/zonaroja.com.mx\/index.php?rest_route=\/wp\/v2\/users\/2"}],"replies":[{"embeddable":true,"href":"https:\/\/zonaroja.com.mx\/index.php?rest_route=%2Fwp%2Fv2%2Fcomments&post=17112"}],"version-history":[{"count":2,"href":"https:\/\/zonaroja.com.mx\/index.php?rest_route=\/wp\/v2\/posts\/17112\/revisions"}],"predecessor-version":[{"id":17128,"href":"https:\/\/zonaroja.com.mx\/index.php?rest_route=\/wp\/v2\/posts\/17112\/revisions\/17128"}],"wp:featuredmedia":[{"embeddable":true,"href":"https:\/\/zonaroja.com.mx\/index.php?rest_route=\/wp\/v2\/media\/17111"}],"wp:attachment":[{"href":"https:\/\/zonaroja.com.mx\/index.php?rest_route=%2Fwp%2Fv2%2Fmedia&parent=17112"}],"wp:term":[{"taxonomy":"category","embeddable":true,"href":"https:\/\/zonaroja.com.mx\/index.php?rest_route=%2Fwp%2Fv2%2Fcategories&post=17112"},{"taxonomy":"post_tag","embeddable":true,"href":"https:\/\/zonaroja.com.mx\/index.php?rest_route=%2Fwp%2Fv2%2Ftags&post=17112"}],"curies":[{"name":"wp","href":"https:\/\/api.w.org\/{rel}","templated":true}]}}