{"id":17115,"date":"2020-09-02T16:12:46","date_gmt":"2020-09-02T21:12:46","guid":{"rendered":"https:\/\/www.zonaroja.com.mx\/?p=17115"},"modified":"2020-09-02T18:49:01","modified_gmt":"2020-09-02T23:49:01","slug":"reportero-lamenta-impunidad-en-agresiones-contra-la-prensa-en-oaxaca","status":"publish","type":"post","link":"https:\/\/zonaroja.com.mx\/?p=17115","title":{"rendered":"Reportero lamenta impunidad en agresiones contra la prensa en Oaxaca"},"content":{"rendered":"\n<p class=\"MsoNormal\">Evlin Arag\u00f3n\/Zona Roja. <\/p>\n\n\n\n<p class=\"MsoNormal\">Oaxaca de Ju\u00e1rez, Oax.. 2 de septiembre de 2020.- \u201cMe indigna la forma en que se procura y aplica la justicia en Oaxaca, pues a pesar de las evidencias y los testimonios de la agresi\u00f3n, fue liberado mi agresor\u201d.<\/p>\n\n\n\n<p class=\"MsoNormal\">As\u00ed lo refiri\u00f3 Oth\u00f3n Garc\u00eda D\u00edaz, reportero del medio digital \u201cEl Fogonazo\u201d, luego que se dictar\u00e1 la libertad de Julio C\u00e9sar L. L., quien fue se\u00f1alado como su principal agresor, en el marco de una protesta de personal de funerarias, en julio pasado. <\/p>\n\n\n\n<p class=\"MsoNormal\">En conferencia de prensa hoy en el z\u00f3calo de la ciudad de Oaxaca, lament\u00f3 el actuar de la autoridad, quien como parte de su deliberaci\u00f3n, supuso que, como reportero, pudo haber tomado ventaja en el caso, apreciaci\u00f3n que calific\u00f3 de irresponsable y vulnerable del estado de derecho. <\/p>\n\n\n\n<p class=\"MsoNormal\">Para el periodista, el mensaje de impunidad ya fue enviado, aunque desconoce si se trat\u00f3 de una mala integraci\u00f3n del expediente por parte de la Fiscal\u00eda General del Estado de Oaxaca o de actos de omisi\u00f3n y complicidad por parte de quienes procuran y administran la justicia; el resultado es la confirmaci\u00f3n de que no hay castigo para los agresores. <\/p>\n\n\n\n<p class=\"MsoNormal\">\u201cHoy exijo al fiscal general, Rub\u00e9n Vasconcelos M\u00e9ndez y al presidente del Tribunal Superior de Justicia, Eduardo Pinacho S\u00e1nchez, la revisi\u00f3n de mi caso y castigo para los responsables de la agresi\u00f3n f\u00edsica y de los funcionarios que abren la puerta a la impunidad en Oaxaca\u201d, manifest\u00f3. <\/p>\n\n\n\n<figure class=\"wp-block-embed-twitter wp-block-embed is-type-rich is-provider-twitter\"><div class=\"wp-block-embed__wrapper\">\n<div class=\"twitter-tweet\"><blockquote class=\"twitter-tweet\" data-lang=\"es\"><p lang=\"es\" dir=\"ltr\"><a href=\"https:\/\/twitter.com\/hashtag\/Impunidad?src=hash&amp;ref_src=twsrc%5Etfw\">#Impunidad<\/a> <br>Tras la liberaci\u00f3n ayer del probable agresor, por fallas de la <a href=\"https:\/\/twitter.com\/FISCALIA_GobOax?ref_src=twsrc%5Etfw\">@FISCALIA_GobOax<\/a>, el <a href=\"https:\/\/twitter.com\/hashtag\/periodista?src=hash&amp;ref_src=twsrc%5Etfw\">#periodista<\/a> Oth\u00f3n Garc\u00eda D\u00edaz lament\u00f3 que en <a href=\"https:\/\/twitter.com\/hashtag\/Oaxaca?src=hash&amp;ref_src=twsrc%5Etfw\">#Oaxaca<\/a> las agresiones contra los comunicadores sigan en la impunidad. <a href=\"https:\/\/twitter.com\/Fridaguerrera?ref_src=twsrc%5Etfw\">@Fridaguerrera<\/a> <a href=\"https:\/\/twitter.com\/article19mex?ref_src=twsrc%5Etfw\">@article19mex<\/a> <a href=\"https:\/\/twitter.com\/CNDH?ref_src=twsrc%5Etfw\">@CNDH<\/a> <a href=\"https:\/\/twitter.com\/SEGOB_mx?ref_src=twsrc%5Etfw\">@SEGOB_mx<\/a> <a href=\"https:\/\/twitter.com\/Fridaguerrera?ref_src=twsrc%5Etfw\">@Fridaguerrera<\/a> <a href=\"https:\/\/t.co\/0r5kwqcIDD\">pic.twitter.com\/0r5kwqcIDD<\/a><\/p>&mdash; Zona Roja Oaxaca (@MexRoja) <a href=\"https:\/\/twitter.com\/MexRoja\/status\/1301217970392371206?ref_src=twsrc%5Etfw\">2 de septiembre de 2020<\/a><\/blockquote><\/div>\n<\/div><\/figure>\n\n\n\n<p class=\"MsoNormal\">As\u00ed mismo, refiri\u00f3 que la labor period\u00edstica en la entidad es cada vez m\u00e1s peligrosa, no existen las garant\u00edas de seguridad para las y los trabajadores de los medios de comunicaci\u00f3n, aunado al nivel de impunidad que existe y el mensaje de permisividad que se emite de forma constante a los grupos violentos.   <\/p>\n\n\n\n<p class=\"MsoNormal\">\u201cLo \u00fanico que exigimos es justicia, aunque nos damos cuenta que en Oaxaca no existe. Es triste comprobar las deficiencias en la integraci\u00f3n de la carpeta por parte de la Fiscal\u00eda, as\u00ed como la falta de oficio para presentar un caso ante la Juez, situaci\u00f3n que puede derivar en delito de omisi\u00f3n\u201d, detall\u00f3.&nbsp;&nbsp;<\/p>\n\n\n\n<p class=\"MsoNormal\">Finalmente, Garc\u00eda D\u00edaz asegur\u00f3 que teme por su vida, ya que su agresor estuvo menos de doce horas detenido y sali\u00f3 tan campante, por lo que podr\u00eda tomar represalias en su contra. Raz\u00f3n por la que incluso solicit\u00f3 la intervenci\u00f3n del gobernador de Oaxaca, Alejandro Murat Hinojosa, para terminar con la violencia en contra de la prensa.   <\/p>\n\n\n\n<p class=\"MsoNormal\">\u201cYa recib\u00ed la primera intimidaci\u00f3n de una persona, de nombre Viridiana, que dijo que ellos no me hab\u00edan golpeado y que simplemente estaban viendo la apertura de sus centros de cremaci\u00f3n, incluso dijeron que yo ten\u00eda una denuncia por violaci\u00f3n. Me da pena y pido que entreguen las pruebas de las acusaciones referidas\u201d, sentenci\u00f3.&nbsp;<\/p>\n\n\n\n<p class=\"MsoNormal\">Fue el pasado 28 de julio cuando un grupo de personas bajo el amparo de la Asociaci\u00f3n de Funerarias de Oaxaca lo atac\u00f3 a golpes, mientras realizaba la cobertura de una protesta a las afueras de las oficinas centrales de la Secretaria de Salud.&nbsp;<\/p>\n\n\n\n<p class=\"MsoNormal\">Sin denostar la manifestaci\u00f3n realizada por personal de las funerarias en la entidad, el reportero denunci\u00f3 el abuso y la agresi\u00f3n f\u00edsica de la que fue objeto, al igual que otros compa\u00f1eros que cubr\u00edan el bloqueo de vialidades y la nula capacidad de las autoridades de procuraci\u00f3n de justicias de sancionar a los responsables y resarcir el da\u00f1o.   <\/p>\n","protected":false},"excerpt":{"rendered":"<p>Evlin Arag\u00f3n\/Zona Roja. Oaxaca de Ju\u00e1rez, Oax.. 2 de septiembre de 2020.- \u201cMe indigna la&hellip;<\/p>\n","protected":false},"author":2,"featured_media":17114,"comment_status":"closed","ping_status":"open","sticky":false,"template":"","format":"standard","meta":{"_lmt_disableupdate":"","_lmt_disable":"","_jetpack_memberships_contains_paid_content":false,"footnotes":""},"categories":[109,47],"tags":[1867],"class_list":["post-17115","post","type-post","status-publish","format-standard","has-post-thumbnail","hentry","category-minuto-a-minuto","category-zona-gris","tag-othon-garcia-diaz"],"jetpack_featured_media_url":"https:\/\/zonaroja.com.mx\/wp-content\/uploads\/2020\/09\/8e08f623-3861-47d9-abd9-89376c8c20cb.jpg","jetpack_sharing_enabled":true,"_links":{"self":[{"href":"https:\/\/zonaroja.com.mx\/index.php?rest_route=\/wp\/v2\/posts\/17115","targetHints":{"allow":["GET"]}}],"collection":[{"href":"https:\/\/zonaroja.com.mx\/index.php?rest_route=\/wp\/v2\/posts"}],"about":[{"href":"https:\/\/zonaroja.com.mx\/index.php?rest_route=\/wp\/v2\/types\/post"}],"author":[{"embeddable":true,"href":"https:\/\/zonaroja.com.mx\/index.php?rest_route=\/wp\/v2\/users\/2"}],"replies":[{"embeddable":true,"href":"https:\/\/zonaroja.com.mx\/index.php?rest_route=%2Fwp%2Fv2%2Fcomments&post=17115"}],"version-history":[{"count":2,"href":"https:\/\/zonaroja.com.mx\/index.php?rest_route=\/wp\/v2\/posts\/17115\/revisions"}],"predecessor-version":[{"id":17127,"href":"https:\/\/zonaroja.com.mx\/index.php?rest_route=\/wp\/v2\/posts\/17115\/revisions\/17127"}],"wp:featuredmedia":[{"embeddable":true,"href":"https:\/\/zonaroja.com.mx\/index.php?rest_route=\/wp\/v2\/media\/17114"}],"wp:attachment":[{"href":"https:\/\/zonaroja.com.mx\/index.php?rest_route=%2Fwp%2Fv2%2Fmedia&parent=17115"}],"wp:term":[{"taxonomy":"category","embeddable":true,"href":"https:\/\/zonaroja.com.mx\/index.php?rest_route=%2Fwp%2Fv2%2Fcategories&post=17115"},{"taxonomy":"post_tag","embeddable":true,"href":"https:\/\/zonaroja.com.mx\/index.php?rest_route=%2Fwp%2Fv2%2Ftags&post=17115"}],"curies":[{"name":"wp","href":"https:\/\/api.w.org\/{rel}","templated":true}]}}