{"id":17118,"date":"2020-09-02T17:39:45","date_gmt":"2020-09-02T22:39:45","guid":{"rendered":"https:\/\/www.zonaroja.com.mx\/?p=17118"},"modified":"2020-09-02T17:39:47","modified_gmt":"2020-09-02T22:39:47","slug":"tercer-dia-de-bloqueos-en-oaxaca-ahora-tambien-en-pinotepa","status":"publish","type":"post","link":"https:\/\/zonaroja.com.mx\/?p=17118","title":{"rendered":"Tercer d\u00eda de bloqueos en Oaxaca, ahora tambi\u00e9n en Pinotepa"},"content":{"rendered":"\n<p class=\"MsoNormal\">Yuridiana Sosa\/Zona Roja.<\/p>\n\n\n\n<p class=\"MsoNormal\">Oaxaca de Ju\u00e1rez, Oax., 2 de septiembre de 2020.- Taxistas adheridos a distintas organizaciones en el municipio de Santiago Pinotepa Nacional, en la regi\u00f3n Costa, se manifestaron de forma separada por el descontrol que existe en la zona para la operaci\u00f3n de las rutas.<\/p>\n\n\n\n<p class=\"MsoNormal\">Un grupo de taxistas de la Alianza de Transportistas se inconform\u00f3 por la supuesta invasi\u00f3n de rutas de taxistas for\u00e1neos, quienes a su vez, de forma contraria se manifestaron para denunciar que existe un acuerdo con la Secretar\u00eda de Movilidad (Semovi) de marzo de este a\u00f1o, en el que se otorga el acceso a la ciudad.<\/p>\n\n\n\n<p class=\"MsoNormal\">Este \u00faltimo grupo de transportistas se\u00f1al\u00f3 que la Semovi, junto con los sitios de taxistas involucrados, firmaron un acuerdo en el que los for\u00e1neos pueden circular hasta la central camionera \u201cJosefina Candiani\u201d, as\u00ed como realizar viajes especiales hacia el municipio de Pinotepa, bajos las condiciones que establece la ley.<\/p>\n\n\n\n<p class=\"MsoNormal\">Pero los taxistas de ese municipio no acatan la disposici\u00f3n e instalaron un filtro en el acceso a la poblaci\u00f3n con la justificaci\u00f3n de evitar invasiones de rutas o taxis piratas a pesar que es una labor que s\u00f3lo compete a Polic\u00eda Vial o Semovi.<\/p>\n\n\n\n<p class=\"MsoNormal\">En ambos casos, los grupos de taxistas exigen la intervenci\u00f3n de las autoridades, desde las municipales hasta las estatales, como la Secretar\u00eda de Movilidad y Polic\u00eda Vial Estatal.<\/p>\n\n\n\n<p>Por otra parte, por tercer d\u00eda continuaron las protestas en municipios de la regi\u00f3n del Istmo, por dos hechos distintos. <\/p>\n\n\n\n<p>En al menos cuatro sitios de Juchit\u00e1n de Zaragoza de realizaron por tercer d\u00eda bloqueos carreteros, por parte de pobladores de Uni\u00f3n Hidalgo, que exigen rehabilitaci\u00f3n integral de la vialidad que comunica a ambos pueblos. La tarde de hoy se retiraron. <\/p>\n\n\n\n<p>Mientras que habitantes de Santo Domingo Zanatepec mantienen bloqueo a la carretera Panamericana hacia Chiapas, por parte de habitantes de las agencias Cabestrada y Hierba Santa, que exigen recursos presupuestales y renuncia del edil. <\/p>\n","protected":false},"excerpt":{"rendered":"<p>Yuridiana Sosa\/Zona Roja. Oaxaca de Ju\u00e1rez, Oax., 2 de septiembre de 2020.- Taxistas adheridos a&hellip;<\/p>\n","protected":false},"author":2,"featured_media":17117,"comment_status":"closed","ping_status":"open","sticky":false,"template":"","format":"standard","meta":{"_lmt_disableupdate":"","_lmt_disable":"","_jetpack_memberships_contains_paid_content":false,"footnotes":""},"categories":[109,47],"tags":[651],"class_list":["post-17118","post","type-post","status-publish","format-standard","has-post-thumbnail","hentry","category-minuto-a-minuto","category-zona-gris","tag-santiago-pinotepa-nacional"],"jetpack_featured_media_url":"https:\/\/zonaroja.com.mx\/wp-content\/uploads\/2020\/09\/img_6357.jpg","jetpack_sharing_enabled":true,"_links":{"self":[{"href":"https:\/\/zonaroja.com.mx\/index.php?rest_route=\/wp\/v2\/posts\/17118","targetHints":{"allow":["GET"]}}],"collection":[{"href":"https:\/\/zonaroja.com.mx\/index.php?rest_route=\/wp\/v2\/posts"}],"about":[{"href":"https:\/\/zonaroja.com.mx\/index.php?rest_route=\/wp\/v2\/types\/post"}],"author":[{"embeddable":true,"href":"https:\/\/zonaroja.com.mx\/index.php?rest_route=\/wp\/v2\/users\/2"}],"replies":[{"embeddable":true,"href":"https:\/\/zonaroja.com.mx\/index.php?rest_route=%2Fwp%2Fv2%2Fcomments&post=17118"}],"version-history":[{"count":1,"href":"https:\/\/zonaroja.com.mx\/index.php?rest_route=\/wp\/v2\/posts\/17118\/revisions"}],"predecessor-version":[{"id":17119,"href":"https:\/\/zonaroja.com.mx\/index.php?rest_route=\/wp\/v2\/posts\/17118\/revisions\/17119"}],"wp:featuredmedia":[{"embeddable":true,"href":"https:\/\/zonaroja.com.mx\/index.php?rest_route=\/wp\/v2\/media\/17117"}],"wp:attachment":[{"href":"https:\/\/zonaroja.com.mx\/index.php?rest_route=%2Fwp%2Fv2%2Fmedia&parent=17118"}],"wp:term":[{"taxonomy":"category","embeddable":true,"href":"https:\/\/zonaroja.com.mx\/index.php?rest_route=%2Fwp%2Fv2%2Fcategories&post=17118"},{"taxonomy":"post_tag","embeddable":true,"href":"https:\/\/zonaroja.com.mx\/index.php?rest_route=%2Fwp%2Fv2%2Ftags&post=17118"}],"curies":[{"name":"wp","href":"https:\/\/api.w.org\/{rel}","templated":true}]}}