{"id":17121,"date":"2020-09-02T18:31:10","date_gmt":"2020-09-02T23:31:10","guid":{"rendered":"http:\/\/www.zonaroja.com.mx\/?p=17121"},"modified":"2020-09-02T19:14:36","modified_gmt":"2020-09-03T00:14:36","slug":"urge-diputada-al-gobernador-atender-y-erradicar-discriminacion-contra-mujeres-indigenas","status":"publish","type":"post","link":"https:\/\/zonaroja.com.mx\/?p=17121","title":{"rendered":"Urge diputada al gobernador atender y erradicar discriminaci\u00f3n contra mujeres ind\u00edgenas"},"content":{"rendered":"\n<p>Redacci\u00f3n\/Zona Roja.<\/p>\n\n\n\n<p>Oaxaca de Ju\u00e1rez, Oax., 2 de septiembre de 2020.- La diputada Magaly L\u00f3pez Dom\u00ednguez present\u00f3 al Congreso local una proposici\u00f3n con Punto de Acuerdo, por la que se busca prevenir y erradicar paulatinamente la discriminaci\u00f3n y el racismo estructural.<\/p>\n\n\n\n<p>El llamado se dirige espec\u00edficamente al Gobernador del Estado, Alejandro Murat Hijojosa, para que a trav\u00e9s de las dependencias competentes y en cumplimiento de sus obligaciones en materia de derechos humanos de las mujeres ind\u00edgenas, implemente mecanismos sostenibles, permanentes y con suficiente presupuesto, para atender dicha problem\u00e1tica social.<\/p>\n\n\n\n<p>La representante popular indic\u00f3 que el objetivo de esta propuesta legislativa, es que el Ejecutivo estatal dise\u00f1e una verdadera estrategia integral multidisciplinaria, con perspectiva de g\u00e9nero e intercultural, con miras a erradicar la violencia en raz\u00f3n de g\u00e9nero en contra de las mujeres ind\u00edgenas en los 30 municipios con poblaci\u00f3n ind\u00edgena y afromexicana declarados con Alerta de Violencia de G\u00e9nero contra las Mujeres emitida en Oaxaca<\/p>\n\n\n\n<p>Se llama a promover con urgencia la institucionalizaci\u00f3n de pol\u00edticas sociales, econ\u00f3micas y jur\u00eddicas, basadas en la perspectiva de g\u00e9nero e intercultural, eso incluye identificar las brechas de desigualdad entre mujeres y hombres, los tipos y formas de violencia y de discriminaci\u00f3n que viven las mujeres y las ni\u00f1as ind\u00edgenas.<\/p>\n\n\n\n<figure class=\"wp-block-embed-twitter wp-block-embed is-type-rich is-provider-twitter\"><div class=\"wp-block-embed__wrapper\">\n<div class=\"twitter-tweet\"><blockquote class=\"twitter-tweet\" data-lang=\"es\"><p lang=\"es\" dir=\"ltr\">La diputada <a href=\"https:\/\/twitter.com\/Magaly_LopezOax?ref_src=twsrc%5Etfw\">@Magaly_LopezOax<\/a> propuso hoy al pleno del <a href=\"https:\/\/twitter.com\/CongresoOaxLXIV?ref_src=twsrc%5Etfw\">@CongresoOaxLXIV<\/a> un exhorto al gobernador <a href=\"https:\/\/twitter.com\/alejandromurat?ref_src=twsrc%5Etfw\">@alejandromurat<\/a> para que se atienda y erradique el racismo y discriminaci\u00f3n contra <a href=\"https:\/\/twitter.com\/hashtag\/mujeres?src=hash&amp;ref_src=twsrc%5Etfw\">#mujeres<\/a> <a href=\"https:\/\/twitter.com\/hashtag\/ind%C3%ADgenas?src=hash&amp;ref_src=twsrc%5Etfw\">#ind\u00edgenas<\/a> de <a href=\"https:\/\/twitter.com\/hashtag\/Oaxaca?src=hash&amp;ref_src=twsrc%5Etfw\">#Oaxaca<\/a>; la iniciativa fue turnada a comisiones. <a href=\"https:\/\/t.co\/xF9Qq1afLe\">pic.twitter.com\/xF9Qq1afLe<\/a><\/p>&mdash; Zona Roja Oaxaca (@MexRoja) <a href=\"https:\/\/twitter.com\/MexRoja\/status\/1301311671428878336?ref_src=twsrc%5Etfw\">3 de septiembre de 2020<\/a><\/blockquote><\/div>\n<\/div><\/figure>\n\n\n\n<p>Tambi\u00e9n, a realizar acciones articuladas, con una visi\u00f3n que permita que los grupos de mujeres ind\u00edgenas sean tomados en cuenta cuando se elaboren los programas sectoriales, institucionales, especiales y regionales.<\/p>\n\n\n\n<p>As\u00ed como garantizar la prestaci\u00f3n de servicios de salud desde la cosmovisi\u00f3n de las mujeres ind\u00edgenas con miras a erradicar la violencia obst\u00e9trica y crear condiciones para que las ni\u00f1as, adolescentes y j\u00f3venes, ind\u00edgenas ejerzan su derecho a la educaci\u00f3n como sujetas de derechos frente a la nueva modalidad escolar derivada de la emergencia sanitaria.<\/p>\n\n\n\n<p>De igual forma, asegurar los espacios de medios de comunicaci\u00f3n p\u00fablicos den apertura a los grupos de mujeres ind\u00edgenas que est\u00e1n tejiendo redes de organizaci\u00f3n, tambi\u00e9n se pide exhortar al titular del ejecutivo a expedir el reglamento interno de la Secretar\u00eda de Pueblos Ind\u00edgenas y Afromexicano.<\/p>\n\n\n\n<p>La iniciativa fue turnada a la Comisi\u00f3n Permanente correspondiente para su an\u00e1lisis y dictamen.<\/p>\n","protected":false},"excerpt":{"rendered":"<p>Redacci\u00f3n\/Zona Roja. Oaxaca de Ju\u00e1rez, Oax., 2 de septiembre de 2020.- La diputada Magaly L\u00f3pez&hellip;<\/p>\n","protected":false},"author":2,"featured_media":17122,"comment_status":"closed","ping_status":"open","sticky":false,"template":"","format":"standard","meta":{"_lmt_disableupdate":"","_lmt_disable":"","_jetpack_memberships_contains_paid_content":false,"footnotes":""},"categories":[109,46],"tags":[192],"class_list":["post-17121","post","type-post","status-publish","format-standard","has-post-thumbnail","hentry","category-minuto-a-minuto","category-zona-blanca","tag-diputada-magaly-lopez-dominguez"],"jetpack_featured_media_url":"https:\/\/zonaroja.com.mx\/wp-content\/uploads\/2020\/09\/Urge-diputada-Magaly-Lopez-al-gobernador.jpg","jetpack_sharing_enabled":true,"_links":{"self":[{"href":"https:\/\/zonaroja.com.mx\/index.php?rest_route=\/wp\/v2\/posts\/17121","targetHints":{"allow":["GET"]}}],"collection":[{"href":"https:\/\/zonaroja.com.mx\/index.php?rest_route=\/wp\/v2\/posts"}],"about":[{"href":"https:\/\/zonaroja.com.mx\/index.php?rest_route=\/wp\/v2\/types\/post"}],"author":[{"embeddable":true,"href":"https:\/\/zonaroja.com.mx\/index.php?rest_route=\/wp\/v2\/users\/2"}],"replies":[{"embeddable":true,"href":"https:\/\/zonaroja.com.mx\/index.php?rest_route=%2Fwp%2Fv2%2Fcomments&post=17121"}],"version-history":[{"count":2,"href":"https:\/\/zonaroja.com.mx\/index.php?rest_route=\/wp\/v2\/posts\/17121\/revisions"}],"predecessor-version":[{"id":17129,"href":"https:\/\/zonaroja.com.mx\/index.php?rest_route=\/wp\/v2\/posts\/17121\/revisions\/17129"}],"wp:featuredmedia":[{"embeddable":true,"href":"https:\/\/zonaroja.com.mx\/index.php?rest_route=\/wp\/v2\/media\/17122"}],"wp:attachment":[{"href":"https:\/\/zonaroja.com.mx\/index.php?rest_route=%2Fwp%2Fv2%2Fmedia&parent=17121"}],"wp:term":[{"taxonomy":"category","embeddable":true,"href":"https:\/\/zonaroja.com.mx\/index.php?rest_route=%2Fwp%2Fv2%2Fcategories&post=17121"},{"taxonomy":"post_tag","embeddable":true,"href":"https:\/\/zonaroja.com.mx\/index.php?rest_route=%2Fwp%2Fv2%2Ftags&post=17121"}],"curies":[{"name":"wp","href":"https:\/\/api.w.org\/{rel}","templated":true}]}}