{"id":17124,"date":"2020-09-02T18:38:00","date_gmt":"2020-09-02T23:38:00","guid":{"rendered":"http:\/\/www.zonaroja.com.mx\/?p=17124"},"modified":"2020-09-02T18:38:05","modified_gmt":"2020-09-02T23:38:05","slug":"textitlan-denuncia-abuso-de-poder-saqueo-e-incitacion-social-de-diputado-daniel-gutierrez","status":"publish","type":"post","link":"https:\/\/zonaroja.com.mx\/?p=17124","title":{"rendered":"Textitl\u00e1n denuncia abuso de poder, saqueo e incitaci\u00f3n social de diputado Daniel Guti\u00e9rrez"},"content":{"rendered":"\n<p>Yuridiana Sosa\/Zona Roja.<\/p>\n\n\n\n<p>Oaxaca de Ju\u00e1rez, Oax., 2 de septiembre de 2020.- Por segunda ocasi\u00f3n, ahora en la capital, autoridades de Santiago Textitl\u00e1n, de la regi\u00f3n Sierra Sur, denunciaron penal y p\u00fablicamente los constantes abusos que ejerce el diputado federal por Morena, Daniel Gutierrez&nbsp; Gutiererz, en las distintas comunidades de la zona donde ha establecido como modus vivendi en el \u201cpago por gesti\u00f3n de obras\u201d, as\u00ed como la incitaci\u00f3n de conflictos sociales.<\/p>\n\n\n\n<p>En conferencia de prensa, los afectados dieron a conocer los problemas que el legislador originario de esa comunidad ha generado con el fin de dividir a los ciudadanos y beneficiar a su constructora con las obras p\u00fablicas aprobadas por el gobierno estatal y federal, por lo que demandaron la intervenci\u00f3n de altos mandos de gobierno para evitar mayores conflictos sociales.<\/p>\n\n\n\n<p>El diputado, declarado como persona no grata, fue denunciado por las autoridades locales anteriores ante el Ministerio P\u00fablico de Sola de Vega por el delito de fraude en perjuicio del municipio de Santiago Textitl\u00e1n, luego que el ayuntamiento pag\u00f3 un anticipo de 440 mil pesos por una obra municipal que no se ejecut\u00f3; el dinero lo habr\u00eda recibido el legislador por medio de prestanombres, se\u00f1alaron.<\/p>\n\n\n\n<p>Recientemente, Guti\u00e9rrez Guti\u00e9rrez pretendi\u00f3 ejecutar la pavimentaci\u00f3n del camino a la cabecera municipal con la participaci\u00f3n de sus constructoras, lo que gener\u00f3 una serie de hechos en contra de la estabilidad social.<\/p>\n\n\n\n<figure class=\"wp-block-embed-twitter wp-block-embed is-type-rich is-provider-twitter\"><div class=\"wp-block-embed__wrapper\">\n<div class=\"twitter-tweet\"><blockquote class=\"twitter-tweet\" data-lang=\"es\"><p lang=\"es\" dir=\"ltr\">De nueva cuenta, ahora en la ciudad de Oaxaca, autoridades de Santiago Textitl\u00e1n denuncian al diputado federal <a href=\"https:\/\/twitter.com\/DanielGtz_Oax?ref_src=twsrc%5Etfw\">@DanielGtz_Oax<\/a>, por pretender imponer su constructora y querer quedarse con los recursos del municipio; reiteran que es persona no grata. <a href=\"https:\/\/t.co\/fO3mMdIdZs\">pic.twitter.com\/fO3mMdIdZs<\/a><\/p>&mdash; Zona Roja Oaxaca (@MexRoja) <a href=\"https:\/\/twitter.com\/MexRoja\/status\/1301199435574194179?ref_src=twsrc%5Etfw\">2 de septiembre de 2020<\/a><\/blockquote><\/div>\n<\/div><\/figure>\n\n\n\n<p>Las autoridades municipales explicaron que, primero, el diputado pidi\u00f3 el pago de sus supuestos servicios de gesti\u00f3n de la obra, la cual se plane\u00f3 para la v\u00eda m\u00e1s corta, pero al recibir negativa del ayuntamiento, comenz\u00f3 una campa\u00f1a de incitaci\u00f3n entre las agencias de polic\u00eda rural de Lachixao, R\u00edo Humo y Recibimiento de Cuauht\u00e9moc.<\/p>\n\n\n\n<p>Detallaron que Guti\u00e9rrez Guti\u00e9rrez inform\u00f3 en esas poblaciones que la autoridad local decidi\u00f3 que la pavimentaci\u00f3n del camino no pasara por sus comunidades, por lo que los incit\u00f3 a exigir que se construyera por la v\u00eda larga.<\/p>\n\n\n\n<p>Sin embargo, la obra fue un proyecto de la Secretar\u00eda de Comunicaciones y Transportes que debe aplicarse para las cabeceras municipales, as\u00ed como que la ejecuci\u00f3n de la obra por la v\u00eda m\u00e1s corta fue determinada por la Asamblea General Comunitaria y no el presidente municipal.<\/p>\n\n\n\n<p>El enojo de las poblaciones continu\u00f3 y provocaron la renuncia de tres regidores originarios de esas comunidades.<\/p>\n\n\n\n<p>Por los distintos hechos, las autoridades municipales y comunales responsabilizan de cualquier acto en su contra a Daniel Guti\u00e9rrez, as\u00ed como demandaron al Instituto Nacional Electoral (INE) ordenar el retiro de toda publicidad personalizada en inauguraci\u00f3n de obras con recursos p\u00fablicos de las redes sociales del legislador de la asociaci\u00f3n civil que dirige.<\/p>\n","protected":false},"excerpt":{"rendered":"<p>Yuridiana Sosa\/Zona Roja. Oaxaca de Ju\u00e1rez, Oax., 2 de septiembre de 2020.- Por segunda ocasi\u00f3n,&hellip;<\/p>\n","protected":false},"author":2,"featured_media":17125,"comment_status":"closed","ping_status":"open","sticky":false,"template":"","format":"standard","meta":{"_lmt_disableupdate":"","_lmt_disable":"","_jetpack_memberships_contains_paid_content":false,"footnotes":""},"categories":[109,47],"tags":[1967,1980],"class_list":["post-17124","post","type-post","status-publish","format-standard","has-post-thumbnail","hentry","category-minuto-a-minuto","category-zona-gris","tag-daniel-gutierrez-gutierrez","tag-santiago-textitlan"],"jetpack_featured_media_url":"https:\/\/zonaroja.com.mx\/wp-content\/uploads\/2020\/09\/Conferencia-de-prensa-Textitlan.jpg","jetpack_sharing_enabled":true,"_links":{"self":[{"href":"https:\/\/zonaroja.com.mx\/index.php?rest_route=\/wp\/v2\/posts\/17124","targetHints":{"allow":["GET"]}}],"collection":[{"href":"https:\/\/zonaroja.com.mx\/index.php?rest_route=\/wp\/v2\/posts"}],"about":[{"href":"https:\/\/zonaroja.com.mx\/index.php?rest_route=\/wp\/v2\/types\/post"}],"author":[{"embeddable":true,"href":"https:\/\/zonaroja.com.mx\/index.php?rest_route=\/wp\/v2\/users\/2"}],"replies":[{"embeddable":true,"href":"https:\/\/zonaroja.com.mx\/index.php?rest_route=%2Fwp%2Fv2%2Fcomments&post=17124"}],"version-history":[{"count":1,"href":"https:\/\/zonaroja.com.mx\/index.php?rest_route=\/wp\/v2\/posts\/17124\/revisions"}],"predecessor-version":[{"id":17126,"href":"https:\/\/zonaroja.com.mx\/index.php?rest_route=\/wp\/v2\/posts\/17124\/revisions\/17126"}],"wp:featuredmedia":[{"embeddable":true,"href":"https:\/\/zonaroja.com.mx\/index.php?rest_route=\/wp\/v2\/media\/17125"}],"wp:attachment":[{"href":"https:\/\/zonaroja.com.mx\/index.php?rest_route=%2Fwp%2Fv2%2Fmedia&parent=17124"}],"wp:term":[{"taxonomy":"category","embeddable":true,"href":"https:\/\/zonaroja.com.mx\/index.php?rest_route=%2Fwp%2Fv2%2Fcategories&post=17124"},{"taxonomy":"post_tag","embeddable":true,"href":"https:\/\/zonaroja.com.mx\/index.php?rest_route=%2Fwp%2Fv2%2Ftags&post=17124"}],"curies":[{"name":"wp","href":"https:\/\/api.w.org\/{rel}","templated":true}]}}