{"id":17130,"date":"2020-09-02T20:38:17","date_gmt":"2020-09-03T01:38:17","guid":{"rendered":"http:\/\/www.zonaroja.com.mx\/?p=17130"},"modified":"2020-09-02T20:38:23","modified_gmt":"2020-09-03T01:38:23","slug":"rechaza-congreso-de-oaxaca-ratificar-o-reelegir-a-magistrada-maribel-mendoza-flores","status":"publish","type":"post","link":"https:\/\/zonaroja.com.mx\/?p=17130","title":{"rendered":"Rechaza Congreso de Oaxaca ratificar o reelegir a magistrada Maribel Mendoza Flores"},"content":{"rendered":"\n<p>Yuridiana Sosa\/Zona Roja.<\/p>\n\n\n\n<p>Oaxaca de Ju\u00e1rez, Oax., 2 de septiembre de 2020.-&nbsp; Con 34 votos a favor, el pleno de la 64 Legislatura del Congreso de Oaxaca determin\u00f3 \u201cno ratificar o no reelegir\u201d a Maribel Mendoza Flores al cargo de magistrada en el Tribunal Superior de Justicia de Oaxaca, el cual funge desde el 2012.<\/p>\n\n\n\n<p>En sesi\u00f3n extraordinaria&nbsp; &#8211;que se efectu\u00f3 al concluir la sesi\u00f3n ordinaria&#8211;, la Comisi\u00f3n Permanente de Administraci\u00f3n y Procuraci\u00f3n de Justicia expuso el dictamen con proyecto de decreto por el que el Congreso de Oaxaca determin\u00f3 la conclusi\u00f3n del cargo para Mendoza Flores, tras ocho a\u00f1os de funciones, el cual de forma oficial culmina en pr\u00f3ximos d\u00edas.<\/p>\n\n\n\n<p>Previo a ello, la magistrada fue citada por lo menos en tres ocasiones a una comparecencia ante la Comisi\u00f3n Permanente de Administraci\u00f3n y Procuraci\u00f3n de Justicia, a las cuales, sin aviso previo ni justificaci\u00f3n no se present\u00f3.<\/p>\n\n\n\n<p>Mendoza Flores fue la primera magistrada en ser electa tras la reforma constitucional de Oaxaca del 15 de abril del 2011 y rindi\u00f3 protesta en septiembre del 2012 ante el magistrado Alfredo Lagunas Rivera, titular del Poder Judicial del Estado, presuntamente por petici\u00f3n del ex gobernador, Gabino Cu\u00e9 Monteagudo.<\/p>\n\n\n\n<figure class=\"wp-block-embed-twitter wp-block-embed is-type-rich is-provider-twitter\"><div class=\"wp-block-embed__wrapper\">\n<div class=\"twitter-tweet\"><blockquote class=\"twitter-tweet\" data-lang=\"es\"><p lang=\"es\" dir=\"ltr\"><a href=\"https:\/\/twitter.com\/hashtag\/%C3%9AltimoMinuto?src=hash&amp;ref_src=twsrc%5Etfw\">#\u00daltimoMinuto<\/a> <br>Tras la ordinaria, en sesi\u00f3n extraordinaria de este mi\u00e9rcoles, el pleno del <a href=\"https:\/\/twitter.com\/CongresoOaxLXIV?ref_src=twsrc%5Etfw\">@CongresoOaxLXIV<\/a> determin\u00f3 con 34 votos no reelegir ratificar en el cargo a la magistrada del <a href=\"https:\/\/twitter.com\/tsjoaxaca?ref_src=twsrc%5Etfw\">@tsjoaxaca<\/a>, Maribel Mendoza Flores. <a href=\"https:\/\/t.co\/dyd20hkwek\">pic.twitter.com\/dyd20hkwek<\/a><\/p>&mdash; Zona Roja Oaxaca (@MexRoja) <a href=\"https:\/\/twitter.com\/MexRoja\/status\/1301264291333464064?ref_src=twsrc%5Etfw\">2 de septiembre de 2020<\/a><\/blockquote><\/div>\n<\/div><\/figure>\n\n\n\n<p>De acuerdo con el curr\u00edculum que present\u00f3 el Tribunal Superior de Oaxaca, Mendoza Flores, originaria de Oaxaca de Ju\u00e1rez, curs\u00f3 la Maestr\u00eda en Derecho Penal y es Doctora en Derecho por la Universidad Aut\u00f3noma \u201cBenito Ju\u00e1rez\u201d de Oaxaca (UABJO).<\/p>\n\n\n\n<p>En el Poder Judicial del Estado asumi\u00f3 distintos, entre ellos antes de su nombramiento fungi\u00f3 subprocuradora General de la Procuradur\u00eda General de Justicia en la zona sur del Estado; visitadora general de la Comisi\u00f3n para la Defensa de los Derechos Humanos del Estado<\/p>\n\n\n\n<p>Oficial Administrativo, Ejecutora, juez en diversos distritos judiciales del estado, adem\u00e1s de funciones dentro de la Direcci\u00f3n General de Normatividad y Supervisi\u00f3n en Seguridad.<\/p>\n\n\n\n<p>As\u00ed como directora General de Asuntos Jur\u00eddicos de la Polic\u00eda Federal Preventiva (PFP), asesora jur\u00eddica de la presidencia de la Comisi\u00f3n Estatal de Derechos Humanos de Oaxaca y coordinadora de asesores del Tribunal de lo Contencioso Administrativo del Estado de Oaxaca.<\/p>\n\n\n\n<p>En 2019 fue integrante de la Primera Sala Penal y Especializada para Adolescentes del Tribunal Superior de Justicia del Estado.<\/p>\n","protected":false},"excerpt":{"rendered":"<p>Yuridiana Sosa\/Zona Roja. Oaxaca de Ju\u00e1rez, Oax., 2 de septiembre de 2020.-&nbsp; Con 34 votos&hellip;<\/p>\n","protected":false},"author":2,"featured_media":17131,"comment_status":"closed","ping_status":"open","sticky":false,"template":"","format":"standard","meta":{"_lmt_disableupdate":"","_lmt_disable":"","_jetpack_memberships_contains_paid_content":false,"footnotes":""},"categories":[109,47],"tags":[213,1981],"class_list":["post-17130","post","type-post","status-publish","format-standard","has-post-thumbnail","hentry","category-minuto-a-minuto","category-zona-gris","tag-64-legislatura-de-oaxaca","tag-maribel-mendoza-flores"],"jetpack_featured_media_url":"https:\/\/zonaroja.com.mx\/wp-content\/uploads\/2020\/09\/Maribel-Mendoza-Flores.jpg","jetpack_sharing_enabled":true,"_links":{"self":[{"href":"https:\/\/zonaroja.com.mx\/index.php?rest_route=\/wp\/v2\/posts\/17130","targetHints":{"allow":["GET"]}}],"collection":[{"href":"https:\/\/zonaroja.com.mx\/index.php?rest_route=\/wp\/v2\/posts"}],"about":[{"href":"https:\/\/zonaroja.com.mx\/index.php?rest_route=\/wp\/v2\/types\/post"}],"author":[{"embeddable":true,"href":"https:\/\/zonaroja.com.mx\/index.php?rest_route=\/wp\/v2\/users\/2"}],"replies":[{"embeddable":true,"href":"https:\/\/zonaroja.com.mx\/index.php?rest_route=%2Fwp%2Fv2%2Fcomments&post=17130"}],"version-history":[{"count":1,"href":"https:\/\/zonaroja.com.mx\/index.php?rest_route=\/wp\/v2\/posts\/17130\/revisions"}],"predecessor-version":[{"id":17132,"href":"https:\/\/zonaroja.com.mx\/index.php?rest_route=\/wp\/v2\/posts\/17130\/revisions\/17132"}],"wp:featuredmedia":[{"embeddable":true,"href":"https:\/\/zonaroja.com.mx\/index.php?rest_route=\/wp\/v2\/media\/17131"}],"wp:attachment":[{"href":"https:\/\/zonaroja.com.mx\/index.php?rest_route=%2Fwp%2Fv2%2Fmedia&parent=17130"}],"wp:term":[{"taxonomy":"category","embeddable":true,"href":"https:\/\/zonaroja.com.mx\/index.php?rest_route=%2Fwp%2Fv2%2Fcategories&post=17130"},{"taxonomy":"post_tag","embeddable":true,"href":"https:\/\/zonaroja.com.mx\/index.php?rest_route=%2Fwp%2Fv2%2Ftags&post=17130"}],"curies":[{"name":"wp","href":"https:\/\/api.w.org\/{rel}","templated":true}]}}