{"id":17133,"date":"2020-09-02T21:06:13","date_gmt":"2020-09-03T02:06:13","guid":{"rendered":"http:\/\/www.zonaroja.com.mx\/?p=17133"},"modified":"2020-09-02T21:06:18","modified_gmt":"2020-09-03T02:06:18","slug":"tercer-dia-en-semaforo-amarillo-en-oaxaca-98-positivos-y-cinco-decesos","status":"publish","type":"post","link":"https:\/\/zonaroja.com.mx\/?p=17133","title":{"rendered":"Tercer d\u00eda en sem\u00e1foro amarillo en Oaxaca: 98 positivos y cinco decesos"},"content":{"rendered":"\n<p>Redacci\u00f3n\/Zona Roja.<\/p>\n\n\n\n<p>Oaxaca de Ju\u00e1rez, Oax., 2 de septiembre de 2020.- La dependencia Servicios de Salud de Oaxaca (SSO) inform\u00f3 que de acuerdo con el comunicado t\u00e9cnico de este 2 de septiembre, se registraron 98 casos nuevos de Covid-19, con lo que suman 13 mil 905.<\/p>\n\n\n\n<p>Se\u00f1al\u00f3 que desafortunadamente este mi\u00e9rcoles se reportaron cinco defunciones, dando un total de mil 291 personas que han perdido la vida a causa del nuevo coronavirus; 854 eran hombres y 437 mujeres, siendo el grupo de edad m\u00e1s afectado el de 65 a\u00f1os, con 569 fallecimientos.<\/p>\n\n\n\n<p>Adem\u00e1s, precis\u00f3 que se contabiliz\u00f3 un acumulado de seis mil 032 pruebas negativas, 748 se encuentran como sospechosas, 12 mil 116 pacientes se han recuperado del padecimiento y hasta el momento hay 498 casos activos.<\/p>\n\n\n\n<p>En un comunicado, enfatiz\u00f3 que los nuevos diagn\u00f3sticos reportados en las \u00faltimas 24 horas del d\u00eda se ubican en 32 municipios, entre los que sobresalen: Oaxaca de Ju\u00e1rez con 49, Santa Luc\u00eda del Camino y San Lorenzo Cacaotepec con cuatro casos cada uno; San Juan Bautista Tuxtepec con tres, y el resto con dos y un contagio.<\/p>\n\n\n\n<figure class=\"wp-block-embed-twitter wp-block-embed is-type-rich is-provider-twitter\"><div class=\"wp-block-embed__wrapper\">\n<div class=\"twitter-tweet\"><blockquote class=\"twitter-tweet\" data-lang=\"es\"><p lang=\"es\" dir=\"ltr\">Para seguir mitigando los contagios de <a href=\"https:\/\/twitter.com\/hashtag\/COVID19?src=hash&amp;ref_src=twsrc%5Etfw\">#COVID19<\/a>, es necesario que adem\u00e1s de utilizar <a href=\"https:\/\/twitter.com\/hashtag\/Cubrebocas?src=hash&amp;ref_src=twsrc%5Etfw\">#Cubrebocas<\/a>, sigas cubri\u00e9ndote con el \u00e1ngulo interno del brazo al estornudar, as\u00ed como lavarte las manos frecuentemente.<a href=\"https:\/\/twitter.com\/hashtag\/NoBajemosLaGuardia?src=hash&amp;ref_src=twsrc%5Etfw\">#NoBajemosLaGuardia<\/a> <a href=\"https:\/\/t.co\/YFXlJgP1nD\">pic.twitter.com\/YFXlJgP1nD<\/a><\/p>&mdash; Servicios de Salud (@SSO_GobOax) <a href=\"https:\/\/twitter.com\/SSO_GobOax\/status\/1301337714189627392?ref_src=twsrc%5Etfw\">3 de septiembre de 2020<\/a><\/blockquote><\/div>\n<\/div><\/figure>\n\n\n\n<p>Describi\u00f3 que la Jurisdicci\u00f3n Sanitaria de Valles Centrales contabiliz\u00f3 un acumulado de nueve mil 193 casos y 611 fallecimientos; Tuxtepec mil 612 y 234 muertes; Istmo mil 422 y 258 defunciones; Mixteca 841 y 83 decesos; Costa 601 y 66 perdidas fatales, y Sierra 236 y 39 defunciones.<\/p>\n\n\n\n<p>Refiri\u00f3 que la ocupaci\u00f3n hospitalaria global de este mi\u00e9rcoles es del 37.4%, de esta cifra el 43.1% corresponde a camas sin ventilador y el 26.5% con asistencia ventilatoria; as\u00ed tambi\u00e9n a la fecha 698 m\u00e9dicos han salido positivos a la prueba de COVID-19, 920 profesionales de enfermer\u00eda y 648 trabajadores de otras \u00e1reas del sector Salud.<\/p>\n\n\n\n<p>Asever\u00f3 que ante s\u00edntomas respiratorios como tos, fiebre, diarrea, cansancio, dolor de cabeza, perdida de gusto y olfato, se debe llamar a los tel\u00e9fonos: 800 770 8437, 951 516 8242, 951 516 1220, y por WhatsApp 951 297 57 41, donde personal m\u00e9dico capacitado dar\u00e1 seguimiento del caso.<\/p>\n\n\n\n<p>Finalmente invit\u00f3 a las y los oaxaque\u00f1os que ante la temporada de lluvias, deben llevar a cabo saneamiento b\u00e1sico de la vivienda, lavar, tapar, voltear y tirar todo reciente que acumule agua, para evitar criaderos del mosco transmisor del dengue, zika y chikungunya.<\/p>\n","protected":false},"excerpt":{"rendered":"<p>Redacci\u00f3n\/Zona Roja. Oaxaca de Ju\u00e1rez, Oax., 2 de septiembre de 2020.- La dependencia Servicios de&hellip;<\/p>\n","protected":false},"author":2,"featured_media":17134,"comment_status":"closed","ping_status":"open","sticky":false,"template":"","format":"standard","meta":{"_lmt_disableupdate":"","_lmt_disable":"","_jetpack_memberships_contains_paid_content":false,"footnotes":""},"categories":[109,47],"tags":[1512],"class_list":["post-17133","post","type-post","status-publish","format-standard","has-post-thumbnail","hentry","category-minuto-a-minuto","category-zona-gris","tag-coronavirus-oaxaca"],"jetpack_featured_media_url":"https:\/\/zonaroja.com.mx\/wp-content\/uploads\/2020\/09\/SSO-1-2.jpeg","jetpack_sharing_enabled":true,"_links":{"self":[{"href":"https:\/\/zonaroja.com.mx\/index.php?rest_route=\/wp\/v2\/posts\/17133","targetHints":{"allow":["GET"]}}],"collection":[{"href":"https:\/\/zonaroja.com.mx\/index.php?rest_route=\/wp\/v2\/posts"}],"about":[{"href":"https:\/\/zonaroja.com.mx\/index.php?rest_route=\/wp\/v2\/types\/post"}],"author":[{"embeddable":true,"href":"https:\/\/zonaroja.com.mx\/index.php?rest_route=\/wp\/v2\/users\/2"}],"replies":[{"embeddable":true,"href":"https:\/\/zonaroja.com.mx\/index.php?rest_route=%2Fwp%2Fv2%2Fcomments&post=17133"}],"version-history":[{"count":1,"href":"https:\/\/zonaroja.com.mx\/index.php?rest_route=\/wp\/v2\/posts\/17133\/revisions"}],"predecessor-version":[{"id":17135,"href":"https:\/\/zonaroja.com.mx\/index.php?rest_route=\/wp\/v2\/posts\/17133\/revisions\/17135"}],"wp:featuredmedia":[{"embeddable":true,"href":"https:\/\/zonaroja.com.mx\/index.php?rest_route=\/wp\/v2\/media\/17134"}],"wp:attachment":[{"href":"https:\/\/zonaroja.com.mx\/index.php?rest_route=%2Fwp%2Fv2%2Fmedia&parent=17133"}],"wp:term":[{"taxonomy":"category","embeddable":true,"href":"https:\/\/zonaroja.com.mx\/index.php?rest_route=%2Fwp%2Fv2%2Fcategories&post=17133"},{"taxonomy":"post_tag","embeddable":true,"href":"https:\/\/zonaroja.com.mx\/index.php?rest_route=%2Fwp%2Fv2%2Ftags&post=17133"}],"curies":[{"name":"wp","href":"https:\/\/api.w.org\/{rel}","templated":true}]}}