{"id":17136,"date":"2020-09-02T21:33:34","date_gmt":"2020-09-03T02:33:34","guid":{"rendered":"http:\/\/www.zonaroja.com.mx\/?p=17136"},"modified":"2020-09-02T21:33:38","modified_gmt":"2020-09-03T02:33:38","slug":"garantizar-internet-television-publica-y-textos-gratuitos-a-escolares-demanda-el-congreso","status":"publish","type":"post","link":"https:\/\/zonaroja.com.mx\/?p=17136","title":{"rendered":"Garantizar internet, televisi\u00f3n p\u00fablica y textos gratuitos a escolares, demanda el Congreso"},"content":{"rendered":"\n<p>Redacci\u00f3n\/Zona Roja.<\/p>\n\n\n\n<p>Oaxaca de Ju\u00e1rez, Oax. 2 de septiembre de 2020.- El Congreso de Oaxaca urgi\u00f3 a las autoridades federales, estatales y municipales a destinar recursos suficientes y oportunos para la instalaci\u00f3n de servicios tecnol\u00f3gicos, de internet y de la televisi\u00f3n p\u00fablica en lugares abiertos que garanticen el derecho a la educaci\u00f3n del alumnado oaxaque\u00f1o.<\/p>\n\n\n\n<p>Mediante un exhorto, aprobado en sesi\u00f3n ordinaria de este mi\u00e9rcoles, se pretende reducir la brecha digital que enfrentan actualmente ni\u00f1as, ni\u00f1os y j\u00f3venes para sortear el inicio del ciclo escolar 2020-2021.<\/p>\n\n\n\n<p>La medida legislativa impulsada por el diputado, No\u00e9 Doroteo Castillejos, demanda al Instituto Estatal de Educaci\u00f3n P\u00fablica, a la Coordinaci\u00f3n General de Educaci\u00f3n Media Superior y a la Unidad de Educaci\u00f3n Media Superior Tecnol\u00f3gica Industrial y de Servicios en Oaxaca, a tomar medidas para incluir a estudiantes que carecen de herramientas tecnol\u00f3gicas e inform\u00e1tica<\/p>\n\n\n\n<p>A los ayuntamientos, la representaci\u00f3n popular pidi\u00f3 procurar los recursos suficientes para la instalaci\u00f3n de servicios p\u00fablicos de internet en lugares de acceso abierto como parques, jardines y bibliotecas.<\/p>\n\n\n\n<p>De este modo se facilitar\u00eda el acceso del estudiantado a estos servicios de apoyo educativo en el marco de la pandemia actual.&nbsp; Asimismo, se eliminar\u00edan desigualdades estructurales que se traducen en rezago educativo y deserci\u00f3n escolar.<\/p>\n\n\n\n<p>La congresista Victoria Cruz Villar, present\u00f3 un Punto de Acuerdo para que distintas dependencias estatales y federales garanticen la cobertura de se\u00f1al de televisi\u00f3n p\u00fablica en todas las comunidades rurales de Oaxaca, y en su caso, notificar a esta Soberan\u00eda los impedimentos legales o materiales para lograrlo.<\/p>\n\n\n\n<p>En este mismo sentido, la representante popular Mar\u00eda de Jes\u00fas Mendoza S\u00e1nchez, demand\u00f3 que las instancias responsables cumplan eficientemente con&nbsp; la distribuci\u00f3n de los libros de texto gratuito, con el objetivo de no afectar el desarrollo del ciclo escolar, as\u00ed como la formaci\u00f3n de la ni\u00f1ez oaxaque\u00f1a.<\/p>\n\n\n\n<p>Las autoridades competentes para atender estas demandas son la Secretar\u00eda de Comunicaciones y Transportes, la Secretar\u00eda de Finanzas del Estado, el Instituto Estatal de Educaci\u00f3n P\u00fablica de Oaxaca y la Corporaci\u00f3n Oaxaque\u00f1a de Radio y Televisi\u00f3n.<\/p>\n\n\n\n<p>Al t\u00e9rmino de la asamblea, los y las congresistas rindieron un minuto de aplausos en conmemoraci\u00f3n del primer aniversario luctuoso del artista pl\u00e1stico oaxaque\u00f1o, Francisco Toledo,&nbsp; fallecido el d\u00eda 5 de septiembre de 2019.<\/p>\n\n\n\n<p>En total fueron aprobados por esta representaci\u00f3n popular 42 dict\u00e1menes de reformas a leyes secundarias y exhortos. Tambi\u00e9n,&nbsp; fueron turnados por la Mesa Directiva 52 asuntos a Comisiones legislativas, y se dio publicidad a 13 dict\u00e1menes en primera lectura.<\/p>\n\n\n\n<p>Asimismo, se desarroll\u00f3 una sesi\u00f3n extraordinaria, en la cual, se aprobaron dos dict\u00e1menes emitidos por las Comisiones de Administraci\u00f3n y Procuraci\u00f3n de Justicia y de Gobernaci\u00f3n y Asuntos Agrarios.<\/p>\n","protected":false},"excerpt":{"rendered":"<p>Redacci\u00f3n\/Zona Roja. Oaxaca de Ju\u00e1rez, Oax. 2 de septiembre de 2020.- El Congreso de Oaxaca&hellip;<\/p>\n","protected":false},"author":2,"featured_media":17137,"comment_status":"closed","ping_status":"open","sticky":false,"template":"","format":"standard","meta":{"_lmt_disableupdate":"","_lmt_disable":"","_jetpack_memberships_contains_paid_content":false,"footnotes":""},"categories":[109,46],"tags":[213],"class_list":["post-17136","post","type-post","status-publish","format-standard","has-post-thumbnail","hentry","category-minuto-a-minuto","category-zona-blanca","tag-64-legislatura-de-oaxaca"],"jetpack_featured_media_url":"https:\/\/zonaroja.com.mx\/wp-content\/uploads\/2020\/09\/FOTO-1.1-Diputadas-Victoria-Cruz-Villar-Maria-de-Jesus-Mendoza-Sanchez-y-legislador-Noe-Doroteo-Castillejos..jpg","jetpack_sharing_enabled":true,"_links":{"self":[{"href":"https:\/\/zonaroja.com.mx\/index.php?rest_route=\/wp\/v2\/posts\/17136","targetHints":{"allow":["GET"]}}],"collection":[{"href":"https:\/\/zonaroja.com.mx\/index.php?rest_route=\/wp\/v2\/posts"}],"about":[{"href":"https:\/\/zonaroja.com.mx\/index.php?rest_route=\/wp\/v2\/types\/post"}],"author":[{"embeddable":true,"href":"https:\/\/zonaroja.com.mx\/index.php?rest_route=\/wp\/v2\/users\/2"}],"replies":[{"embeddable":true,"href":"https:\/\/zonaroja.com.mx\/index.php?rest_route=%2Fwp%2Fv2%2Fcomments&post=17136"}],"version-history":[{"count":1,"href":"https:\/\/zonaroja.com.mx\/index.php?rest_route=\/wp\/v2\/posts\/17136\/revisions"}],"predecessor-version":[{"id":17138,"href":"https:\/\/zonaroja.com.mx\/index.php?rest_route=\/wp\/v2\/posts\/17136\/revisions\/17138"}],"wp:featuredmedia":[{"embeddable":true,"href":"https:\/\/zonaroja.com.mx\/index.php?rest_route=\/wp\/v2\/media\/17137"}],"wp:attachment":[{"href":"https:\/\/zonaroja.com.mx\/index.php?rest_route=%2Fwp%2Fv2%2Fmedia&parent=17136"}],"wp:term":[{"taxonomy":"category","embeddable":true,"href":"https:\/\/zonaroja.com.mx\/index.php?rest_route=%2Fwp%2Fv2%2Fcategories&post=17136"},{"taxonomy":"post_tag","embeddable":true,"href":"https:\/\/zonaroja.com.mx\/index.php?rest_route=%2Fwp%2Fv2%2Ftags&post=17136"}],"curies":[{"name":"wp","href":"https:\/\/api.w.org\/{rel}","templated":true}]}}