{"id":17142,"date":"2020-09-03T07:40:19","date_gmt":"2020-09-03T12:40:19","guid":{"rendered":"http:\/\/www.zonaroja.com.mx\/?p=17142"},"modified":"2020-09-03T07:40:23","modified_gmt":"2020-09-03T12:40:23","slug":"aprueba-la-camara-de-diputados-acotar-el-fuero-presidencial","status":"publish","type":"post","link":"https:\/\/zonaroja.com.mx\/?p=17142","title":{"rendered":"Aprueba la C\u00e1mara de Diputados acotar el fuero presidencial"},"content":{"rendered":"\n<p>Redacci\u00f3n\/Zona Roja Cdmx.<\/p>\n\n\n\n<p>Ciudad de M\u00e9xico, 3 de septiembre de 2020.- Por cuarta ocasi\u00f3n, la C\u00e1mara de Diputados aprob\u00f3 la reforma a los art\u00edculos 108 y 111 de la Constituci\u00f3n, con el fin de acotar el fuero presidencial y prever que el jefe del Ejecutivo federal sea considerado, para efectos de responsabilidad penal, como cualquier ciudadano que no tiene inmunidad ni protecci\u00f3n alguna y que, ante una sentencia firme, pueda ser sujeto a juicio pol\u00edtico por el Senado.<\/p>\n\n\n\n<p>El dictamen de la Comisi\u00f3n de Puntos Constitucionales atendi\u00f3 la iniciativa original del jefe del Ejecutivo, Andr\u00e9s Manuel L\u00f3pez Obrador, de diciembre de 2018, acerca de que durante el tiempo de su encargo el Presidente podr\u00e1 ser imputado por traici\u00f3n a la patria, hechos de corrupci\u00f3n, delitos electorales y todos aquellos il\u00edcitos por los que podr\u00eda ser enjuiciado cualquier ciudadano.<\/p>\n\n\n\n<p>Con este cambio, agrega, se pretende dar un paso hacia la eliminaci\u00f3n del fuero de los altos servidores p\u00fablicos, concretamente la figura del Presiente, de modo que constituya un mecanismo que desestime la impunidad, pero sin que favorezca la persecuci\u00f3n pol\u00edtica del funcionario ni impacte en la estabilidad de la funci\u00f3n que desempe\u00f1a.<\/p>\n\n\n\n<p>Al explicar el alcance de la reforma \u2013aprobada con 420 votos en favor y 15 abstenciones del PAN, y enviada como minuta al Senado\u2013, Pablo G\u00f3mez (Morena) expres\u00f3: Nunca m\u00e1s un Presidente debe tener un elemento de impunidad.<\/p>\n\n\n\n<p>Hasta ahora, sostuvo en tribuna, M\u00e9xico se ha regido bajo un sistema de inmunidad presidencial que viene de lejos, de los reyes, de los aut\u00f3cratas, y los presidentes han tenido impunidad.<\/p>\n\n\n\n<p>Present\u00f3 como ejemplos los esc\u00e1ndalos de financiamiento ilegal a las campa\u00f1as de Francisco Labastida Ochoa y de Vicente Fox Quesada en las elecciones presidenciales de 2000.<\/p>\n\n\n\n<p>Cuestion\u00f3 si en la transferencia de mil millones de pesos a la campa\u00f1a de Labastida, caso conocido como Pemexgate \u2013del que inform\u00f3 \u201cLa Jornada\u201d en 2002\u2013, el ex presidente Ernesto Zedillo \u00bfno sab\u00eda nada?<\/p>\n\n\n\n<p>Sostuvo que los pri\u00edstas en la C\u00e1mara pueden afirmar que, en efecto, Zedillo desconoc\u00eda las transferencias monetarias al PRI, pero \u201cnadie fue a la c\u00e1rcel porque el gobierno de Vicente Fox retir\u00f3 los cargos. Y Fox oblig\u00f3 al procurador Rafael Macedo de la Concha a declarar el no ejercicio de la acci\u00f3n penal por Amigos de Fox.<\/p>\n\n\n\n<p>Yo le dije a Fox en Los Pinos que nombrara un fiscal independiente, porque \u00e9l era el denunciado. Se neg\u00f3 c\u00ednicamente. Tengo de testigo a (Santiago) Creel.<\/p>\n\n\n\n<p>Enrique Ochoa Reza (PRI) explic\u00f3 que si bien la Fiscal\u00eda General de la Rep\u00fablica podr\u00e1 conocer de los delitos que cometa un Presidente, se mantiene el proceso pol\u00edtico que implica la solicitud al Senado, por parte de la C\u00e1mara de Diputados, de la remoci\u00f3n del Presidente.<\/p>\n\n\n\n<p>No estamos eliminando el proceso que coloquialmente deriva en un desafuero. El Presidente, en caso de que cometa alg\u00fan il\u00edcito, seguir\u00e1 sujeto al proceso pol\u00edtico que el Senado aprobar\u00e1, si cuenta con el voto de las dos terceras partes. Esa es la reforma, explic\u00f3.<\/p>\n\n\n\n<p>En tres ocasiones anteriores, las dos c\u00e1maras del Congreso han modificado la iniciativa presidencial, que no han sido aceptadas por una u otra instancia.<\/p>\n","protected":false},"excerpt":{"rendered":"<p>Redacci\u00f3n\/Zona Roja Cdmx. Ciudad de M\u00e9xico, 3 de septiembre de 2020.- Por cuarta ocasi\u00f3n, la&hellip;<\/p>\n","protected":false},"author":2,"featured_media":17143,"comment_status":"closed","ping_status":"open","sticky":false,"template":"","format":"standard","meta":{"_lmt_disableupdate":"","_lmt_disable":"","_jetpack_memberships_contains_paid_content":false,"footnotes":""},"categories":[109,46],"tags":[1042],"class_list":["post-17142","post","type-post","status-publish","format-standard","has-post-thumbnail","hentry","category-minuto-a-minuto","category-zona-blanca","tag-camara-de-diputados-federal"],"jetpack_featured_media_url":"https:\/\/zonaroja.com.mx\/wp-content\/uploads\/2020\/09\/Camara-de-Diputados-federal.jpg","jetpack_sharing_enabled":true,"_links":{"self":[{"href":"https:\/\/zonaroja.com.mx\/index.php?rest_route=\/wp\/v2\/posts\/17142","targetHints":{"allow":["GET"]}}],"collection":[{"href":"https:\/\/zonaroja.com.mx\/index.php?rest_route=\/wp\/v2\/posts"}],"about":[{"href":"https:\/\/zonaroja.com.mx\/index.php?rest_route=\/wp\/v2\/types\/post"}],"author":[{"embeddable":true,"href":"https:\/\/zonaroja.com.mx\/index.php?rest_route=\/wp\/v2\/users\/2"}],"replies":[{"embeddable":true,"href":"https:\/\/zonaroja.com.mx\/index.php?rest_route=%2Fwp%2Fv2%2Fcomments&post=17142"}],"version-history":[{"count":1,"href":"https:\/\/zonaroja.com.mx\/index.php?rest_route=\/wp\/v2\/posts\/17142\/revisions"}],"predecessor-version":[{"id":17144,"href":"https:\/\/zonaroja.com.mx\/index.php?rest_route=\/wp\/v2\/posts\/17142\/revisions\/17144"}],"wp:featuredmedia":[{"embeddable":true,"href":"https:\/\/zonaroja.com.mx\/index.php?rest_route=\/wp\/v2\/media\/17143"}],"wp:attachment":[{"href":"https:\/\/zonaroja.com.mx\/index.php?rest_route=%2Fwp%2Fv2%2Fmedia&parent=17142"}],"wp:term":[{"taxonomy":"category","embeddable":true,"href":"https:\/\/zonaroja.com.mx\/index.php?rest_route=%2Fwp%2Fv2%2Fcategories&post=17142"},{"taxonomy":"post_tag","embeddable":true,"href":"https:\/\/zonaroja.com.mx\/index.php?rest_route=%2Fwp%2Fv2%2Ftags&post=17142"}],"curies":[{"name":"wp","href":"https:\/\/api.w.org\/{rel}","templated":true}]}}