{"id":17145,"date":"2020-09-03T07:51:30","date_gmt":"2020-09-03T12:51:30","guid":{"rendered":"http:\/\/www.zonaroja.com.mx\/?p=17145"},"modified":"2020-09-03T07:51:34","modified_gmt":"2020-09-03T12:51:34","slug":"nace-en-oaxaca-universidad-autonoma-comunal-con-sede-en-tlahuitoltepec","status":"publish","type":"post","link":"https:\/\/zonaroja.com.mx\/?p=17145","title":{"rendered":"Nace en Oaxaca Universidad Aut\u00f3noma Comunal, con sede en Tlahuitoltepec"},"content":{"rendered":"\n<p>Redacci\u00f3n\/Zona Roja.<\/p>\n\n\n\n<p>Oaxaca de Ju\u00e1rez, Oax., 3 de septiembre 2020.- En \u201cEl lugar fr\u00edo\u201d, como se nombra a Santa Mar\u00eda Tlahuitolpetec Mixe, se entregaron los nombramientos al rector y a las autoridades que conformar\u00e1n la Universidad Aut\u00f3noma Comunal de Oaxaca (UACO), instituci\u00f3n educativa que reconoce a los pueblos y comunidades ind\u00edgenas como depositarios de sabidur\u00eda y conocimiento.<\/p>\n\n\n\n<p>La creaci\u00f3n de la instituci\u00f3n fue aprobada en enero de este a\u00f1o por los diputados de la 64 Legislatura local, con el objetivo de impartir educaci\u00f3n pluriling\u00fce e intercultural basada en el respeto, promoci\u00f3n y preservaci\u00f3n del patrimonio hist\u00f3rico y cultural de los pueblos originarios y comunidades ind\u00edgenas.<\/p>\n\n\n\n<p>La UACO tendr\u00e1 15 centros educativos, distribuidos en las ocho regiones del estado. Las autoridades que la conformar\u00e1n fueron electas por un consejo fundador que trabaj\u00f3 de forma honor\u00edfica para encontrar a quien, en la ma\u00f1ana de este martes 1 de septiembre fue reconocido como el rector de la UACO y a las personas miembros del consejo acad\u00e9mico.<\/p>\n\n\n\n<p>Respeto a este logro en favor de los pueblos y comunidades ind\u00edgenas, el diputado Horacio Sosa Villavicencio, presidente de la Junta de Coordinaci\u00f3n Pol\u00edtica de la 64 Legislatura, se\u00f1al\u00f3 que \u201cla UACO ser\u00e1 un instrumento de los pueblos ind\u00edgenas, para la construcci\u00f3n de su propio futuro desde sus propias perspectivas y para construir la autonom\u00eda de los pueblos\u201d.<\/p>\n\n\n\n<p>El tambi\u00e9n coordinador del Grupo Parlamentario de Morena, a\u00f1adi\u00f3 que \u201cesta Universidad ser\u00e1 un espacio de resistencia cultural y que debe ser semillero de la resistencia social, pol\u00edtica y econ\u00f3mica de los pueblos\u201d.<\/p>\n\n\n\n<figure class=\"wp-block-embed-twitter wp-block-embed is-type-rich is-provider-twitter\"><div class=\"wp-block-embed__wrapper\">\n<div class=\"twitter-tweet\"><blockquote class=\"twitter-tweet\" data-lang=\"es\"><p lang=\"es\" dir=\"ltr\"><a href=\"https:\/\/twitter.com\/hashtag\/OaxacaRosa?src=hash&amp;ref_src=twsrc%5Etfw\">#OaxacaRosa<\/a><br>En un hecho hist\u00f3rico, <a href=\"https:\/\/twitter.com\/hashtag\/Oaxaca?src=hash&amp;ref_src=twsrc%5Etfw\">#Oaxaca<\/a> cuenta con una Universidad Aut\u00f3noma Comunal, con sede en Santa Mar\u00eda Tlahuitoltepec Mixe. El diputado <a href=\"https:\/\/twitter.com\/HoracioSosaOax?ref_src=twsrc%5Etfw\">@HoracioSosaOax<\/a> presidi\u00f3 el acto de entrega de nombramientos, entre ellos al rector de la instituci\u00f3n, Jaime Luna. <a href=\"https:\/\/t.co\/WsjqEB9iGp\">pic.twitter.com\/WsjqEB9iGp<\/a><\/p>&mdash; Zona Roja Oaxaca (@MexRoja) <a href=\"https:\/\/twitter.com\/MexRoja\/status\/1301498327851241479?ref_src=twsrc%5Etfw\">3 de septiembre de 2020<\/a><\/blockquote><\/div>\n<\/div><\/figure>\n\n\n\n<p>Al hacer uso de la palabra, la diputada Juana Aguilar Espinoza, presidenta de la Comisi\u00f3n de Educaci\u00f3n en el Congreso local, se\u00f1al\u00f3 que esta nueva Universidad se convierte en la segunda instituci\u00f3n de educaci\u00f3n superior creada por ley en el estado.<\/p>\n\n\n\n<p>\u201cNo m\u00e1s pueblos marginados, no m\u00e1s j\u00f3venes sin estudios que por no poder acudir a la cuidad en donde se encuentran las grandes universidades, se quedan estancados en sus lugares de origen\u201d, expres\u00f3 la legisladora.<\/p>\n\n\n\n<p>Jaime Mart\u00ednez Luna, antrop\u00f3logo que fue nombrado rector de esta nueva casa de estudios en Oaxaca, dijo que uno de los objetivos de la UACO es derribar la idea que desde hace dos siglos ha prevalecido en M\u00e9xico y que es semejante a lo que los invasores que llegaron al pa\u00eds en 1492 ten\u00edan: \u201cAl pueblo hay que educarlo porque&nbsp; es ignorante\u201d.<\/p>\n\n\n\n<p>Expres\u00f3 que las comunidades originarias poseen la capacidad suficiente para demostrar su sabidur\u00eda ancestral, la cual se aprecia en su trabajo y en forma de vida.<\/p>\n\n\n\n<p>\u201cAhora tenemos la posibilidad de demostrarle a occidente que tenemos presente y tenemos futuro, la capacidad que tenemos la demostramos trabajando, bailando, haciendo la vida\u201d, enfatiz\u00f3 el ahora rector de la UACO, quien adem\u00e1s agradeci\u00f3 el trabajo del Congreso del Estado, \u201cmis respetos para la 64 legislatura porque se avent\u00f3 un boleto de reconocer que el pueblo&nbsp; piensa, hace su vida y eso es importante y fundamental\u201d.<\/p>\n\n\n\n<p>Adem\u00e1s del nombramiento del Antrop\u00f3logo Jaime Mart\u00ednez Luna como rector, fueron acreditados 15 personas que ser\u00e1n titulares de los centros universitarios en distintos municipios del estado.<\/p>\n\n\n\n<figure class=\"wp-block-image size-large\"><img decoding=\"async\" width=\"1024\" height=\"768\" src=\"http:\/\/www.zonaroja.com.mx\/wp-content\/uploads\/2020\/09\/Universidad-Comunal-2-1024x768.jpg\" alt=\"\" class=\"wp-image-17147\" srcset=\"https:\/\/zonaroja.com.mx\/wp-content\/uploads\/2020\/09\/Universidad-Comunal-2-1024x768.jpg 1024w, https:\/\/zonaroja.com.mx\/wp-content\/uploads\/2020\/09\/Universidad-Comunal-2-300x225.jpg 300w, https:\/\/zonaroja.com.mx\/wp-content\/uploads\/2020\/09\/Universidad-Comunal-2-768x576.jpg 768w, https:\/\/zonaroja.com.mx\/wp-content\/uploads\/2020\/09\/Universidad-Comunal-2-1170x878.jpg 1170w, https:\/\/zonaroja.com.mx\/wp-content\/uploads\/2020\/09\/Universidad-Comunal-2-585x439.jpg 585w, https:\/\/zonaroja.com.mx\/wp-content\/uploads\/2020\/09\/Universidad-Comunal-2.jpg 1440w\" sizes=\"(max-width: 1024px) 100vw, 1024px\" \/><\/figure>\n","protected":false},"excerpt":{"rendered":"<p>Redacci\u00f3n\/Zona Roja. Oaxaca de Ju\u00e1rez, Oax., 3 de septiembre 2020.- En \u201cEl lugar fr\u00edo\u201d, como&hellip;<\/p>\n","protected":false},"author":2,"featured_media":17146,"comment_status":"closed","ping_status":"open","sticky":false,"template":"","format":"standard","meta":{"_lmt_disableupdate":"","_lmt_disable":"","_jetpack_memberships_contains_paid_content":false,"footnotes":""},"categories":[109,46],"tags":[1982],"class_list":["post-17145","post","type-post","status-publish","format-standard","has-post-thumbnail","hentry","category-minuto-a-minuto","category-zona-blanca","tag-universidad-autonoma-comunal-de-oaxaca"],"jetpack_featured_media_url":"https:\/\/zonaroja.com.mx\/wp-content\/uploads\/2020\/09\/Universidad-Comunal-1.jpg","jetpack_sharing_enabled":true,"_links":{"self":[{"href":"https:\/\/zonaroja.com.mx\/index.php?rest_route=\/wp\/v2\/posts\/17145","targetHints":{"allow":["GET"]}}],"collection":[{"href":"https:\/\/zonaroja.com.mx\/index.php?rest_route=\/wp\/v2\/posts"}],"about":[{"href":"https:\/\/zonaroja.com.mx\/index.php?rest_route=\/wp\/v2\/types\/post"}],"author":[{"embeddable":true,"href":"https:\/\/zonaroja.com.mx\/index.php?rest_route=\/wp\/v2\/users\/2"}],"replies":[{"embeddable":true,"href":"https:\/\/zonaroja.com.mx\/index.php?rest_route=%2Fwp%2Fv2%2Fcomments&post=17145"}],"version-history":[{"count":1,"href":"https:\/\/zonaroja.com.mx\/index.php?rest_route=\/wp\/v2\/posts\/17145\/revisions"}],"predecessor-version":[{"id":17148,"href":"https:\/\/zonaroja.com.mx\/index.php?rest_route=\/wp\/v2\/posts\/17145\/revisions\/17148"}],"wp:featuredmedia":[{"embeddable":true,"href":"https:\/\/zonaroja.com.mx\/index.php?rest_route=\/wp\/v2\/media\/17146"}],"wp:attachment":[{"href":"https:\/\/zonaroja.com.mx\/index.php?rest_route=%2Fwp%2Fv2%2Fmedia&parent=17145"}],"wp:term":[{"taxonomy":"category","embeddable":true,"href":"https:\/\/zonaroja.com.mx\/index.php?rest_route=%2Fwp%2Fv2%2Fcategories&post=17145"},{"taxonomy":"post_tag","embeddable":true,"href":"https:\/\/zonaroja.com.mx\/index.php?rest_route=%2Fwp%2Fv2%2Ftags&post=17145"}],"curies":[{"name":"wp","href":"https:\/\/api.w.org\/{rel}","templated":true}]}}