{"id":17149,"date":"2020-09-03T08:00:11","date_gmt":"2020-09-03T13:00:11","guid":{"rendered":"http:\/\/www.zonaroja.com.mx\/?p=17149"},"modified":"2020-09-03T08:00:15","modified_gmt":"2020-09-03T13:00:15","slug":"condena-asociacion-de-periodistas-impunidad-en-agresion-contra-reportero-othon-garcia","status":"publish","type":"post","link":"https:\/\/zonaroja.com.mx\/?p=17149","title":{"rendered":"Condena Asociaci\u00f3n de Periodistas impunidad en agresi\u00f3n contra reportero Oth\u00f3n Garc\u00eda"},"content":{"rendered":"\n<p>Yuridiana Sosa\/Zona Roja.<\/p>\n\n\n\n<p>Oaxaca de Ju\u00e1rez, Oax., 3 de septiembre de 2020.- La Asociaci\u00f3n de Periodistas de Informaci\u00f3n Policiaca (APIP) reprob\u00f3 los ineficientes trabajos de investigaci\u00f3n y procuraci\u00f3n de justicia por las agresiones al gremio period\u00edstico, como ocurri\u00f3 en el reciente caso en el que se otorg\u00f3 la libertad al presunto responsable del ataque al reportero Oth\u00f3n Garc\u00eda D\u00edaz.<\/p>\n\n\n\n<p>A trav\u00e9s de una carta p\u00fablica, la agrupaci\u00f3n manifest\u00f3 su inconformidad sobre la decisi\u00f3n de la juez Srely Esmirla Castro V\u00e1squez, que durante la audiencia de comunicaci\u00f3n e imputaci\u00f3n resolvi\u00f3 a favor del detenido, al no existir elementos suficientes para sostener su aprehensi\u00f3n.<\/p>\n\n\n\n<p>Asimismo, el gremio conden\u00f3 que autoridades dedicadas a la investigaci\u00f3n y procuraci\u00f3n de justicia, en este caso la Fiscal\u00eda General del Estado de Oaxaca, presenten deficiencias administrativas y de car\u00e1cter judicial que obligan a los jueces a poner en libertad a los agresores o victimarios de los trabajadores de los medios de comunicaci\u00f3n.<\/p>\n\n\n\n<p>Como es el reciente caso del director del diario digital \u201cEl Fogonazo\u201d, Oth\u00f3n Garc\u00eda D\u00edaz, en el que por omisi\u00f3n o irregularidades en los tribunales o en la Fiscal\u00eda General de Oaxaca se haya puestos en libertad este 1 de septiembre, a cinco horas de su arresto, al \u00fanico detenido por la agresi\u00f3n registra el pasado 28 de julio.<\/p>\n\n\n\n<p>En esa fecha, en las calles Tinoco y Palacios e Independencia, en el Centro Hist\u00f3rico de Oaxaca, Oth\u00f3n Garc\u00eda fue agredido verbal y f\u00edsicamente cuando cumpl\u00eda con su labor de informar sobre los bloqueos que realizaba la Asociaci\u00f3n de Funerarias de Oaxaca.<\/p>\n\n\n\n<p>Entre los agresores se identific\u00f3 a Julio C\u00e9sar L. quien encabez\u00f3 el hecho violento, pero contra quien la Fiscal\u00eda se\u00f1al\u00f3 como \u00fanico delito ataque a la libertad de expresi\u00f3n a pesar de las evidencias y denuncia de las agresiones f\u00edsicas.<\/p>\n\n\n\n<p>\u201cIndependientemente de alg\u00fan pronunciamiento por parte del Tribunal Superior de Justicia o de la Fiscal\u00eda General del Estado, creemos que hubo inconsistencias de la Fiscal\u00eda en la integraci\u00f3n de la carpeta de investigaci\u00f3n al no aportar los datos de prueba suficientes y fallas en las t\u00e9cnicas de investigaci\u00f3n\u201d, expres\u00f3 la APIP.<\/p>\n\n\n\n<p>Los agremiados exigieron al Fiscal General, Rub\u00e9n Vasconcelos M\u00e9ndez, cumplir con el debido proceso en hechos contra la prensa con el fin de dejar de padecer las recurrentes inconsistencias en la investigaci\u00f3n de los ataques contra los periodistas.<\/p>\n","protected":false},"excerpt":{"rendered":"<p>Yuridiana Sosa\/Zona Roja. Oaxaca de Ju\u00e1rez, Oax., 3 de septiembre de 2020.- La Asociaci\u00f3n de&hellip;<\/p>\n","protected":false},"author":2,"featured_media":17150,"comment_status":"closed","ping_status":"open","sticky":false,"template":"","format":"standard","meta":{"_lmt_disableupdate":"","_lmt_disable":"","_jetpack_memberships_contains_paid_content":false,"footnotes":""},"categories":[109,47],"tags":[1867],"class_list":["post-17149","post","type-post","status-publish","format-standard","has-post-thumbnail","hentry","category-minuto-a-minuto","category-zona-gris","tag-othon-garcia-diaz"],"jetpack_featured_media_url":"https:\/\/zonaroja.com.mx\/wp-content\/uploads\/2020\/09\/Othon-Garcia-Diaz.jpg","jetpack_sharing_enabled":true,"_links":{"self":[{"href":"https:\/\/zonaroja.com.mx\/index.php?rest_route=\/wp\/v2\/posts\/17149","targetHints":{"allow":["GET"]}}],"collection":[{"href":"https:\/\/zonaroja.com.mx\/index.php?rest_route=\/wp\/v2\/posts"}],"about":[{"href":"https:\/\/zonaroja.com.mx\/index.php?rest_route=\/wp\/v2\/types\/post"}],"author":[{"embeddable":true,"href":"https:\/\/zonaroja.com.mx\/index.php?rest_route=\/wp\/v2\/users\/2"}],"replies":[{"embeddable":true,"href":"https:\/\/zonaroja.com.mx\/index.php?rest_route=%2Fwp%2Fv2%2Fcomments&post=17149"}],"version-history":[{"count":1,"href":"https:\/\/zonaroja.com.mx\/index.php?rest_route=\/wp\/v2\/posts\/17149\/revisions"}],"predecessor-version":[{"id":17151,"href":"https:\/\/zonaroja.com.mx\/index.php?rest_route=\/wp\/v2\/posts\/17149\/revisions\/17151"}],"wp:featuredmedia":[{"embeddable":true,"href":"https:\/\/zonaroja.com.mx\/index.php?rest_route=\/wp\/v2\/media\/17150"}],"wp:attachment":[{"href":"https:\/\/zonaroja.com.mx\/index.php?rest_route=%2Fwp%2Fv2%2Fmedia&parent=17149"}],"wp:term":[{"taxonomy":"category","embeddable":true,"href":"https:\/\/zonaroja.com.mx\/index.php?rest_route=%2Fwp%2Fv2%2Fcategories&post=17149"},{"taxonomy":"post_tag","embeddable":true,"href":"https:\/\/zonaroja.com.mx\/index.php?rest_route=%2Fwp%2Fv2%2Ftags&post=17149"}],"curies":[{"name":"wp","href":"https:\/\/api.w.org\/{rel}","templated":true}]}}