{"id":1715,"date":"2019-06-20T09:55:24","date_gmt":"2019-06-20T14:55:24","guid":{"rendered":"http:\/\/www.zonaroja.com.mx\/?p=1715"},"modified":"2019-06-20T08:43:38","modified_gmt":"2019-06-20T13:43:38","slug":"piden-sanciones-a-la-fiscalia-por-dilacion-en-investigacion-de-feminicidio","status":"publish","type":"post","link":"https:\/\/zonaroja.com.mx\/?p=1715","title":{"rendered":"Piden sanciones a la Fiscal\u00eda por dilaci\u00f3n en investigaci\u00f3n de feminicidio"},"content":{"rendered":"\n<p>Redacci\u00f3n<\/p>\n\n\n\n<p>Oaxaca de\nJu\u00e1rez, Oax., 20 de junio de 2019.- La diputada local Magaly L\u00f3pez Dom\u00ednguez\npresent\u00f3 una propuesta en la 64 Legislatura para iniciar un ex oficio por\nviolaciones a los derechos humanos contra la Fiscal\u00eda General del Estado, a\ncargo de Rub\u00e9n Vasconcelos M\u00e9ndez, debido a la dilaci\u00f3n y falta de efectividad\nen las investigaciones relacionadas con el feminicidio de Rosal\u00eda Garc\u00eda\nGarc\u00eda.<\/p>\n\n\n\n<p>De\naprobarse, las sanciones alcanzar\u00edan a la Secretar\u00eda General de Gobierno\n(Segego) por la falta de atenci\u00f3n a las v\u00edctimas indirectas de los feminicidios\nen Oaxaca, de forma concreta a las y los hu\u00e9rfanos que han dejado los m\u00e1s de\nmil 500 feminicidios que han registrado organizaciones civiles en los cuatro\n\u00faltimos sexenios, m\u00e1s de 300 de los cuales corresponden a la administraci\u00f3n\nactual.<\/p>\n\n\n\n<p>La solicitud\nque busca sancionar a las instituciones del Gobierno Estatal se da luego de que\nen d\u00eda recientes Ver\u00f3nica Ramos Garc\u00eda, quien fue electa diputada infantil por\nla 64 Legislatura local de Oaxaca, aprovech\u00f3 el recinto legislativo para\ndenunciar la impunidad que existe por el feminicidio de su mam\u00e1.<\/p>\n\n\n\n<p>La ni\u00f1a, de\ntan s\u00f3lo nueve a\u00f1os de edad, evidenci\u00f3 que a un mes de cumplirse cinco a\u00f1os del\nfeminicidio de su madre, Rosal\u00eda Garc\u00eda, perpetrado en Santa Cruz Xoxocotl\u00e1n,\nel \u00fanico presunto responsable del delito lleva casi un lustro detenido, sin ser\nsentenciado.<\/p>\n\n\n\n<p>\u201cSon\ncriminales los que mataron a mam\u00e1 y los que hoy, cinco a\u00f1os despu\u00e9s, esconden\nla cara para otorgarnos justicia;&nbsp; las\nni\u00f1as y los ni\u00f1os hu\u00e9rfanos de feminicidio no podemos ser invisibles para el\nGobierno\u201d, expres\u00f3 en tribuna.<\/p>\n\n\n\n<p>De acuerdo\ncon el expediente 38\/2015, Rosal\u00eda en manos del Juzgado Quinto de lo Penal, a\nuno de los implicados, Jos\u00e9 Ram\u00f3n B. P., le fue ejecutada orden de aprehensi\u00f3n\nen el mismo a\u00f1o de la agresi\u00f3n, sin embargo, hasta la fecha no ha sido\nsentenciado pese a que ha negado defensa a favor.<\/p>\n\n\n\n<p>El crimen\ncontra la ama de casa se registr\u00f3 la noche del martes 22 de julio de 2014\ncuando dos sujetos vestidos de negro le dispararon en reiteradas ocasiones,\nluego de que ella se negara a venderles cerveza en su tienda de abarrotes.<\/p>\n","protected":false},"excerpt":{"rendered":"<p>Redacci\u00f3n Oaxaca de Ju\u00e1rez, Oax., 20 de junio de 2019.- La diputada local Magaly L\u00f3pez&hellip;<\/p>\n","protected":false},"author":2,"featured_media":1666,"comment_status":"closed","ping_status":"open","sticky":false,"template":"","format":"standard","meta":{"_lmt_disableupdate":"","_lmt_disable":"","_jetpack_memberships_contains_paid_content":false,"footnotes":""},"categories":[109,51],"tags":[161,58,138,133],"class_list":["post-1715","post","type-post","status-publish","format-standard","has-post-thumbnail","hentry","category-minuto-a-minuto","category-zona-roja","tag-magaly-lopez","tag-oaxaca","tag-rosalia-garcia","tag-santa-cruz-xoxocotlan"],"jetpack_featured_media_url":"https:\/\/zonaroja.com.mx\/wp-content\/uploads\/2019\/06\/Rosal\u00eda-Garc\u00eda-Xoxo.jpg","jetpack_sharing_enabled":true,"_links":{"self":[{"href":"https:\/\/zonaroja.com.mx\/index.php?rest_route=\/wp\/v2\/posts\/1715","targetHints":{"allow":["GET"]}}],"collection":[{"href":"https:\/\/zonaroja.com.mx\/index.php?rest_route=\/wp\/v2\/posts"}],"about":[{"href":"https:\/\/zonaroja.com.mx\/index.php?rest_route=\/wp\/v2\/types\/post"}],"author":[{"embeddable":true,"href":"https:\/\/zonaroja.com.mx\/index.php?rest_route=\/wp\/v2\/users\/2"}],"replies":[{"embeddable":true,"href":"https:\/\/zonaroja.com.mx\/index.php?rest_route=%2Fwp%2Fv2%2Fcomments&post=1715"}],"version-history":[{"count":1,"href":"https:\/\/zonaroja.com.mx\/index.php?rest_route=\/wp\/v2\/posts\/1715\/revisions"}],"predecessor-version":[{"id":1716,"href":"https:\/\/zonaroja.com.mx\/index.php?rest_route=\/wp\/v2\/posts\/1715\/revisions\/1716"}],"wp:featuredmedia":[{"embeddable":true,"href":"https:\/\/zonaroja.com.mx\/index.php?rest_route=\/wp\/v2\/media\/1666"}],"wp:attachment":[{"href":"https:\/\/zonaroja.com.mx\/index.php?rest_route=%2Fwp%2Fv2%2Fmedia&parent=1715"}],"wp:term":[{"taxonomy":"category","embeddable":true,"href":"https:\/\/zonaroja.com.mx\/index.php?rest_route=%2Fwp%2Fv2%2Fcategories&post=1715"},{"taxonomy":"post_tag","embeddable":true,"href":"https:\/\/zonaroja.com.mx\/index.php?rest_route=%2Fwp%2Fv2%2Ftags&post=1715"}],"curies":[{"name":"wp","href":"https:\/\/api.w.org\/{rel}","templated":true}]}}