{"id":17152,"date":"2020-09-03T10:18:38","date_gmt":"2020-09-03T15:18:38","guid":{"rendered":"http:\/\/www.zonaroja.com.mx\/?p=17152"},"modified":"2020-09-03T10:18:41","modified_gmt":"2020-09-03T15:18:41","slug":"aprueba-congreso-exhorto-a-la-fiscalia-por-caso-maria-elena-pide-que-no-haya-impunidad","status":"publish","type":"post","link":"https:\/\/zonaroja.com.mx\/?p=17152","title":{"rendered":"Aprueba Congreso exhorto a la Fiscal\u00eda por caso Mar\u00eda Elena; pide que no haya impunidad"},"content":{"rendered":"\n<p>Evlin Arag\u00f3n\/Zona Roja.<\/p>\n\n\n\n<p>Oaxaca de Ju\u00e1rez, Oax., 3 de septiembre de 2020.- A casi un a\u00f1o de los hechos, el pleno del Congreso de Oaxaca aprob\u00f3 un exhorto al titular de la Fiscal\u00eda General del Estado de Oaxaca, Rub\u00e9n Vasconcelos M\u00e9ndez, a fin de que formule una acusaci\u00f3n pulcra y contundente que determine las sanciones de quienes han sido acusados como responsables de la agresi\u00f3n con \u00e1cido en contra de la saxofonista Mar\u00eda Elena R\u00edos Ortiz.&nbsp;<\/p>\n\n\n\n<p>Con 27 votos a favor, el proyecto de acuerdo emitido por la Comisiones Permanentes Unidas de Administraci\u00f3n y Procuraci\u00f3n de Justicia y de Igualdad de G\u00e9nero, hace un en\u00e9rgico llamado al fiscal para que instruya al agente del Ministerio P\u00fablico encargado de la investigaci\u00f3n complementaria del caso, a fin de que \u00e9sta se realice sin vicios y evitando dejar cabos sueltos que generen impunidad.<\/p>\n\n\n\n<p>\u201cQue implemente los mecanismos necesarios para allegarse de todos los medios de prueba que sean necesarios para evitar vicios en dicha investigaci\u00f3n y en caso de existir, los corrija, a efecto de contar con los elementos suficientes al momento de formular la acusaci\u00f3n y medio de prueba contundentes en los que determine correctamente los grados de autor\u00eda y participaci\u00f3n, evitando cabos sueltos que generen impunidad\u201d, cita el documento.&nbsp;<\/p>\n\n\n\n<p>As\u00ed mismo, piden al presidente del Tribunal Superior de Justicia del Estado, Eduardo Pinacho S\u00e1nchez, para que gire instrucciones al Juez de Control de la causa con la finalidad de que actu\u00e9 apegado a derecho y se valoren todas las pruebas de manera imparcial, con la intenci\u00f3n de garantizar una eficaz impartici\u00f3n de justicia y una pena ejemplar para los agresores de la joven.&nbsp;<\/p>\n\n\n\n<p>\u201c\u2026que gire instrucciones al Juez de control de la causa, act\u00fae apegado a derecho y al tribunal o juez de enjuiciamiento para que valore todas las pruebas de manera imparcial y garantice una eficaz impartici\u00f3n de justicia, as\u00ed como una correcta y ejemplar individualizaci\u00f3n de la pena, a fin que los actos cometidos en contra de Mar\u00eda Elena R\u00edos Ortiz, no queden impunes\u201d, refiere la propuesta aprobada ayer en sesi\u00f3n ordinaria.<\/p>\n\n\n\n<p>A inicios del mes de abril y despu\u00e9s de siete meses del ataque, en un acto que fue calificado como teatro, el ex diputado local por PRI y empresario gasolinero Juan Antonio V. C. se entreg\u00f3 \u201cvoluntariamente\u201d ante las autoridades, quienes lo detuvieron y pusieron a disposici\u00f3n de la instancia encargada de la procuraci\u00f3n de justicia.&nbsp;<\/p>\n\n\n\n<p>Por lo anterior la propia Mar\u00eda Elena R\u00edos Ortiz hizo un llamado directo al presidente del Tribunal Superior de Justicia del Estado, Eduardo Pinacho S\u00e1nchez, y a los jueces que se van a encargar de impartir justicia a que sean neutrales en el caso y se garantice la justicia para ella y su familia, tras el ataque con \u00e1cido del que fue v\u00edctima el pasado 9 de septiembre del 2019.&nbsp;<\/p>\n\n\n\n<p>Desde el d\u00eda del ataque, la saxofonista acuso al ex diputado Juan Antonio como su agresor, con quien previamente sostuvo una relaci\u00f3n sentimental que se torn\u00f3 violenta; fue la intervenci\u00f3n de activistas y los medios de comunicaci\u00f3n locales, nacionales e internacionales los que hicieron presi\u00f3n y consiguieron la actuaci\u00f3n \u2013tard\u00eda- de la Fiscal\u00eda quien tres meses despu\u00e9s de los hechos detuvo a los autores materiales y siete meses despu\u00e9s consigno a quien se considera como autor intelectual.&nbsp; A casi cinco meses de haber sido vinculado a proceso, y con la pandemia por Covid-19, no existen avances p\u00fablicos en torno a la acusaci\u00f3n y el juicio pendiente en contra de \u00e9l y los dem\u00e1s se\u00f1alados como responsables del ataque, raz\u00f3n por la que al interior del Congreso se determin\u00f3 realizar el llamado pertinente a las autoridades.&nbsp;&nbsp;<\/p>\n","protected":false},"excerpt":{"rendered":"<p>Evlin Arag\u00f3n\/Zona Roja. Oaxaca de Ju\u00e1rez, Oax., 3 de septiembre de 2020.- A casi un&hellip;<\/p>\n","protected":false},"author":2,"featured_media":10759,"comment_status":"closed","ping_status":"open","sticky":false,"template":"","format":"standard","meta":{"_lmt_disableupdate":"","_lmt_disable":"","_jetpack_memberships_contains_paid_content":false,"footnotes":""},"categories":[109,47],"tags":[494],"class_list":["post-17152","post","type-post","status-publish","format-standard","has-post-thumbnail","hentry","category-minuto-a-minuto","category-zona-gris","tag-fiscalia-general-del-estado-de-oaxaca"],"jetpack_featured_media_url":"https:\/\/zonaroja.com.mx\/wp-content\/uploads\/2020\/04\/Vera-Carrizal-detenido.jpg","jetpack_sharing_enabled":true,"_links":{"self":[{"href":"https:\/\/zonaroja.com.mx\/index.php?rest_route=\/wp\/v2\/posts\/17152","targetHints":{"allow":["GET"]}}],"collection":[{"href":"https:\/\/zonaroja.com.mx\/index.php?rest_route=\/wp\/v2\/posts"}],"about":[{"href":"https:\/\/zonaroja.com.mx\/index.php?rest_route=\/wp\/v2\/types\/post"}],"author":[{"embeddable":true,"href":"https:\/\/zonaroja.com.mx\/index.php?rest_route=\/wp\/v2\/users\/2"}],"replies":[{"embeddable":true,"href":"https:\/\/zonaroja.com.mx\/index.php?rest_route=%2Fwp%2Fv2%2Fcomments&post=17152"}],"version-history":[{"count":1,"href":"https:\/\/zonaroja.com.mx\/index.php?rest_route=\/wp\/v2\/posts\/17152\/revisions"}],"predecessor-version":[{"id":17153,"href":"https:\/\/zonaroja.com.mx\/index.php?rest_route=\/wp\/v2\/posts\/17152\/revisions\/17153"}],"wp:featuredmedia":[{"embeddable":true,"href":"https:\/\/zonaroja.com.mx\/index.php?rest_route=\/wp\/v2\/media\/10759"}],"wp:attachment":[{"href":"https:\/\/zonaroja.com.mx\/index.php?rest_route=%2Fwp%2Fv2%2Fmedia&parent=17152"}],"wp:term":[{"taxonomy":"category","embeddable":true,"href":"https:\/\/zonaroja.com.mx\/index.php?rest_route=%2Fwp%2Fv2%2Fcategories&post=17152"},{"taxonomy":"post_tag","embeddable":true,"href":"https:\/\/zonaroja.com.mx\/index.php?rest_route=%2Fwp%2Fv2%2Ftags&post=17152"}],"curies":[{"name":"wp","href":"https:\/\/api.w.org\/{rel}","templated":true}]}}