{"id":17154,"date":"2020-09-03T10:38:12","date_gmt":"2020-09-03T15:38:12","guid":{"rendered":"http:\/\/www.zonaroja.com.mx\/?p=17154"},"modified":"2020-09-03T11:13:38","modified_gmt":"2020-09-03T16:13:38","slug":"tras-invasion-de-portal-llama-congreso-a-edil-de-la-capital-a-revisar-caso","status":"publish","type":"post","link":"https:\/\/zonaroja.com.mx\/?p=17154","title":{"rendered":"Tras invasi\u00f3n de portal, llama Congreso a edil de la capital a revisar caso"},"content":{"rendered":"\n<p>Ismael Garc\u00eda M.\/Zona Roja.<\/p>\n\n\n\n<p>Oaxaca de Ju\u00e1rez, Oax., 3 de septiembre de 2020.- Tras la denuncia y activismo del pintor Markoa V\u00e1squez, el Congreso de Oaxaca aprob\u00f3 ayer un exhorto dirigido al edil Oswaldo Garc\u00eda Jarqu\u00edn, para que verifique y en su caso sancione, a los empresarios que han privatizado el portal de Las Flores.<\/p>\n\n\n\n<p>Fue el pasado 27 de agosto en el que el artista pl\u00e1stico acudi\u00f3 al portal a retirar vallas, macetas y cadenas que diversos establecimientos, entre ellos los restaurantes \u201cDel Jard\u00edn\u201d, hab\u00edan colocado incluso sobre la banqueta.<\/p>\n\n\n\n<p>Ayer, en la sesi\u00f3n ordinaria, el diputado Oth\u00f3n Cuevas C\u00f3rdova, del Partido Morena, lament\u00f3 la privatizaci\u00f3n de facto de dicho espacio, catalogado adem\u00e1s como hist\u00f3rico.<\/p>\n\n\n\n<figure class=\"wp-block-embed-twitter wp-block-embed is-type-rich is-provider-twitter\"><div class=\"wp-block-embed__wrapper\">\n<div class=\"twitter-tweet\"><blockquote class=\"twitter-tweet\" data-lang=\"es\"><p lang=\"es\" dir=\"ltr\">Durante la sesi\u00f3n ordinaria del <a href=\"https:\/\/twitter.com\/CongresoOaxLXIV?ref_src=twsrc%5Etfw\">@CongresoOaxLXIV<\/a>, el diputado por Morena, <a href=\"https:\/\/twitter.com\/othoncuevas?ref_src=twsrc%5Etfw\">@othoncuevas<\/a>, expuso la problem\u00e1tica de la privatizaci\u00f3n de los portales aleda\u00f1os al z\u00f3calo de la capital, tras la denuncia del pintor Markoa. El Legislativo aprob\u00f3 un exhorto al edil <a href=\"https:\/\/twitter.com\/oswaldogarciaj?ref_src=twsrc%5Etfw\">@oswaldogarciaj<\/a>. <a href=\"https:\/\/t.co\/VX6oLzadHt\">pic.twitter.com\/VX6oLzadHt<\/a><\/p>&mdash; Zona Roja Oaxaca (@MexRoja) <a href=\"https:\/\/twitter.com\/MexRoja\/status\/1301300637116911616?ref_src=twsrc%5Etfw\">2 de septiembre de 2020<\/a><\/blockquote><\/div>\n<\/div><\/figure>\n\n\n\n<p>\u201cPretextando el distanciamiento, algunos restaurantes colocaron cintas y macetas para impedir el paso a transe\u00fantes, paso que por muchos a\u00f1os se ha tenido, llevando a cabo en la v\u00eda de los hechos una privatizaci\u00f3n de los espacios p\u00fablicos\u201d, dijo.<\/p>\n\n\n\n<p>Record\u00f3 asimismo el caso del portal de Claver\u00edas, en cuya parte alta est\u00e1 situado un hotel, predio que era parte de la Catedral de Oaxaca.<\/p>\n\n\n\n<p>\u201cAlguna autoridad del pasado se prest\u00f3 para escriturar, es el \u00fanico espacio de los portales privatizados, pero los dem\u00e1s, no hay indicaci\u00f3n alguna para que se apropien de los espacios\u201d, denunci\u00f3.<\/p>\n\n\n\n<p>Por ello, en conjunto con otros legisladores, entre ellos Lilia Mendoza Cruz, pidi\u00f3 se exhorte a las autoridades municipales, en este caso de la capital, a fin de que supervisen y en su caso sancionen a quien haya ocupado de manera ilegal los espacios p\u00fablicos.<\/p>\n","protected":false},"excerpt":{"rendered":"<p>Ismael Garc\u00eda M.\/Zona Roja. Oaxaca de Ju\u00e1rez, Oax., 3 de septiembre de 2020.- Tras la&hellip;<\/p>\n","protected":false},"author":2,"featured_media":17155,"comment_status":"closed","ping_status":"open","sticky":false,"template":"","format":"standard","meta":{"_lmt_disableupdate":"","_lmt_disable":"","_jetpack_memberships_contains_paid_content":false,"footnotes":""},"categories":[109,46],"tags":[1311],"class_list":["post-17154","post","type-post","status-publish","format-standard","has-post-thumbnail","hentry","category-minuto-a-minuto","category-zona-blanca","tag-othon-cuevas-cordova"],"jetpack_featured_media_url":"https:\/\/zonaroja.com.mx\/wp-content\/uploads\/2020\/09\/Portal-Las-Flores.jpg","jetpack_sharing_enabled":true,"_links":{"self":[{"href":"https:\/\/zonaroja.com.mx\/index.php?rest_route=\/wp\/v2\/posts\/17154","targetHints":{"allow":["GET"]}}],"collection":[{"href":"https:\/\/zonaroja.com.mx\/index.php?rest_route=\/wp\/v2\/posts"}],"about":[{"href":"https:\/\/zonaroja.com.mx\/index.php?rest_route=\/wp\/v2\/types\/post"}],"author":[{"embeddable":true,"href":"https:\/\/zonaroja.com.mx\/index.php?rest_route=\/wp\/v2\/users\/2"}],"replies":[{"embeddable":true,"href":"https:\/\/zonaroja.com.mx\/index.php?rest_route=%2Fwp%2Fv2%2Fcomments&post=17154"}],"version-history":[{"count":2,"href":"https:\/\/zonaroja.com.mx\/index.php?rest_route=\/wp\/v2\/posts\/17154\/revisions"}],"predecessor-version":[{"id":17157,"href":"https:\/\/zonaroja.com.mx\/index.php?rest_route=\/wp\/v2\/posts\/17154\/revisions\/17157"}],"wp:featuredmedia":[{"embeddable":true,"href":"https:\/\/zonaroja.com.mx\/index.php?rest_route=\/wp\/v2\/media\/17155"}],"wp:attachment":[{"href":"https:\/\/zonaroja.com.mx\/index.php?rest_route=%2Fwp%2Fv2%2Fmedia&parent=17154"}],"wp:term":[{"taxonomy":"category","embeddable":true,"href":"https:\/\/zonaroja.com.mx\/index.php?rest_route=%2Fwp%2Fv2%2Fcategories&post=17154"},{"taxonomy":"post_tag","embeddable":true,"href":"https:\/\/zonaroja.com.mx\/index.php?rest_route=%2Fwp%2Fv2%2Ftags&post=17154"}],"curies":[{"name":"wp","href":"https:\/\/api.w.org\/{rel}","templated":true}]}}