{"id":17159,"date":"2020-09-03T14:04:08","date_gmt":"2020-09-03T19:04:08","guid":{"rendered":"https:\/\/www.zonaroja.com.mx\/?p=17159"},"modified":"2020-09-03T16:21:27","modified_gmt":"2020-09-03T21:21:27","slug":"regresa-markoa-a-limpiar-portales-de-la-ciudad-de-oaxaca-y-le-recriminan-empresarios","status":"publish","type":"post","link":"https:\/\/zonaroja.com.mx\/?p=17159","title":{"rendered":"Regresa Markoa a limpiar portales de la ciudad de Oaxaca&#8230; y le recriminan empresarios"},"content":{"rendered":"\n<p class=\"MsoNormal\">Yuridiana Sosa \/Zona Roja. <\/p>\n\n\n\n<p class=\"MsoNormal\">Oaxaca de Ju\u00e1rez, Oax., 3 de septiembre de 2020.- En una segunda jornada de rescate de espacios p\u00fablicos en los portales del z\u00f3calo de la capital, el pintor Markoa V\u00e1squez hall\u00f3 oposici\u00f3n de restauranteros, quienes le recriminaron e impidieron el retiro de mobiliario, justificando su invasi\u00f3n en a\u00f1ejos permisos del ayuntamiento de Oaxaca de Ju\u00e1rez.<\/p>\n\n\n\n<p class=\"MsoNormal\">En esta ocasi\u00f3n, el activista actu\u00f3 contra los restaurantes del portal Benito Ju\u00e1rez, al oriente del z\u00f3calo, donde sin mediar palabra comenz\u00f3 con el retiro de mesas y sillas instalados sobre el \u00e1rea de banqueta. <\/p>\n\n\n\n<p class=\"MsoNormal\">La acci\u00f3n ahora acompa\u00f1ada de personas ciegas y d\u00e9biles visuales, gener\u00f3 el primero de dos enfrentamientos verbales entre empresarios restauranteros y el pintor. <\/p>\n\n\n\n<p class=\"MsoNormal\">\u2014\u00a1B\u00e1jale de huevos, no avientes las sillas! \u00a1No quieras ganar fama a base de eso!, \u2014reclam\u00f3 un empresario al pintor, quien continu\u00f3 su actividad sin di\u00e1logo y con reclamos de una invasi\u00f3n de la zona p\u00fablica.<\/p>\n\n\n\n<p class=\"MsoNormal\">El responsable del restaurante \u201cAndr\u00e9\u201d se\u00f1al\u00f3 que desde hace varios a\u00f1os la empresa cuenta con un convenio con el Ayuntamiento capitalino respecto a ofrecer el paso por dentro del portal, debajo de la zona techada.<\/p>\n\n\n\n<p class=\"MsoNormal\">Sin embargo, con el paso de los a\u00f1os, los restaurantes tambi\u00e9n han instalado mobiliario sobre los pasillos que reducen el tr\u00e1nsito peatonal a solo dos personas, sin distancia.<\/p>\n\n\n\n<p class=\"MsoNormal\">El pintor avanz\u00f3 hasta llegar al restaurante \u201cTerranova\u201d, donde se registr\u00f3 una serie de se\u00f1alamientos entre el activista y los propietarios del lugar.<\/p>\n\n\n\n<p class=\"MsoNormal\">\u2014T\u00fa no viniste a hablar, viniste a agredir!, \u2014expres\u00f3 Mario Rodr\u00edguez, uno de los empresarios que hizo barrera humana<\/p>\n\n\n\n<p class=\"MsoNormal\">\u2014\u00a1No toques mis cosas, no vas a tocar mis cosas, a m\u00ed no me tocas una sola mesa!, \u00a1A m\u00ed no me tocas una sola mesa!, \u2014advirti\u00f3 con enojo el propietario, quien no dej\u00f3 avanzar al pintor sobre el \u00e1rea de su restaurante.<\/p>\n\n\n\n<figure class=\"wp-block-embed-twitter wp-block-embed is-type-rich is-provider-twitter\"><div class=\"wp-block-embed__wrapper\">\n<div class=\"twitter-tweet\"><blockquote class=\"twitter-tweet\" data-lang=\"es\"><p lang=\"es\" dir=\"ltr\"><a href=\"https:\/\/twitter.com\/hashtag\/ENVIVO?src=hash&amp;ref_src=twsrc%5Etfw\">#ENVIVO<\/a><br>Oaxaca de Ju\u00e1rez, Oax., 3 de septiembre de 2020.- Conferencia de prensa del pintor Markoa V\u00e1squez. Retira ahora obst\u00e1culos en portal Benito Ju\u00e1rez del z\u00f3calo. <br><br>Aqu\u00ed la transmisi\u00f3n \ud83d\udc47<a href=\"https:\/\/t.co\/oRFS8q6I7S\">https:\/\/t.co\/oRFS8q6I7S<\/a> <a href=\"https:\/\/t.co\/FC05eANCbe\">pic.twitter.com\/FC05eANCbe<\/a><\/p>&mdash; Zona Roja Oaxaca (@MexRoja) <a href=\"https:\/\/twitter.com\/MexRoja\/status\/1301567547448406019?ref_src=twsrc%5Etfw\">3 de septiembre de 2020<\/a><\/blockquote><\/div>\n<\/div><\/figure>\n\n\n\n<p class=\"MsoNormal\">El empresario dio a conocer que cuenta con un permiso del gobierno municipal desde el a\u00f1o 1993 para instalar sus mesas y sillas en el espacio de banqueta, pero ofrecen paso libre sobre el pasillo del interior del restaurante bajo los portales, as\u00ed como entre sus mesas.<\/p>\n\n\n\n<p class=\"MsoNormal\">Al final de la actividad, algunos restaurantes reinstalaron el mobiliario, mientras que la revuelta ocasion\u00f3 que en el establecimiento \u201cCasa Andr\u00e9\u201d los trabajadores retiraron las cuerdas y bases de madera que cercaban el \u00e1rea.<\/p>\n\n\n\n<p class=\"MsoNormal\"> <a href=\"\/\/1\">Este jueves<\/a>, el pintor se acompa\u00f1\u00f3 dedeportistas paral\u00edmpicos y ciudadanos con discapacidad visual, para demostrar las barreras a las que se enfrentan este sector vulnerable de la poblaci\u00f3n al transitar por estas zonas.<\/p>\n\n\n\n<p class=\"MsoNormal\">Markoa V\u00e1squez indic\u00f3 que integrantes del Cabildo de Oaxaca de Ju\u00e1rez le informaron que el tema ser\u00e1 considerado en pr\u00f3ximas sesiones del \u00f3rgano.<\/p>\n\n\n\n<p class=\"MsoNormal\">Mientras que <a href=\"\/\/2\">este mi\u00e9rcoles<\/a> el Congreso de Oaxaca tambi\u00e9n abord\u00f3 la situaci\u00f3n y aprob\u00f3 un exhorto para el edil Oswaldo Garc\u00eda Jarqu\u00edn para que revise o en su caso sancione a los empresarios que han privatizado el portal de Las Flores, donde el jueves pasado se realiz\u00f3 la primera actividad de rescate de espacios. <\/p>\n","protected":false},"excerpt":{"rendered":"<p>Yuridiana Sosa \/Zona Roja. Oaxaca de Ju\u00e1rez, Oax., 3 de septiembre de 2020.- En una&hellip;<\/p>\n","protected":false},"author":2,"featured_media":17158,"comment_status":"closed","ping_status":"open","sticky":false,"template":"","format":"standard","meta":{"_lmt_disableupdate":"","_lmt_disable":"","_jetpack_memberships_contains_paid_content":false,"footnotes":""},"categories":[109,47],"tags":[1966],"class_list":["post-17159","post","type-post","status-publish","format-standard","has-post-thumbnail","hentry","category-minuto-a-minuto","category-zona-gris","tag-markoa-vasquez"],"jetpack_featured_media_url":"https:\/\/zonaroja.com.mx\/wp-content\/uploads\/2020\/09\/bfd945e6-d5a1-469c-b703-32f1dce1a343.jpg","jetpack_sharing_enabled":true,"_links":{"self":[{"href":"https:\/\/zonaroja.com.mx\/index.php?rest_route=\/wp\/v2\/posts\/17159","targetHints":{"allow":["GET"]}}],"collection":[{"href":"https:\/\/zonaroja.com.mx\/index.php?rest_route=\/wp\/v2\/posts"}],"about":[{"href":"https:\/\/zonaroja.com.mx\/index.php?rest_route=\/wp\/v2\/types\/post"}],"author":[{"embeddable":true,"href":"https:\/\/zonaroja.com.mx\/index.php?rest_route=\/wp\/v2\/users\/2"}],"replies":[{"embeddable":true,"href":"https:\/\/zonaroja.com.mx\/index.php?rest_route=%2Fwp%2Fv2%2Fcomments&post=17159"}],"version-history":[{"count":2,"href":"https:\/\/zonaroja.com.mx\/index.php?rest_route=\/wp\/v2\/posts\/17159\/revisions"}],"predecessor-version":[{"id":17161,"href":"https:\/\/zonaroja.com.mx\/index.php?rest_route=\/wp\/v2\/posts\/17159\/revisions\/17161"}],"wp:featuredmedia":[{"embeddable":true,"href":"https:\/\/zonaroja.com.mx\/index.php?rest_route=\/wp\/v2\/media\/17158"}],"wp:attachment":[{"href":"https:\/\/zonaroja.com.mx\/index.php?rest_route=%2Fwp%2Fv2%2Fmedia&parent=17159"}],"wp:term":[{"taxonomy":"category","embeddable":true,"href":"https:\/\/zonaroja.com.mx\/index.php?rest_route=%2Fwp%2Fv2%2Fcategories&post=17159"},{"taxonomy":"post_tag","embeddable":true,"href":"https:\/\/zonaroja.com.mx\/index.php?rest_route=%2Fwp%2Fv2%2Ftags&post=17159"}],"curies":[{"name":"wp","href":"https:\/\/api.w.org\/{rel}","templated":true}]}}