{"id":17165,"date":"2020-09-03T16:50:57","date_gmt":"2020-09-03T21:50:57","guid":{"rendered":"http:\/\/www.zonaroja.com.mx\/?p=17165"},"modified":"2020-09-03T16:51:01","modified_gmt":"2020-09-03T21:51:01","slug":"convocan-a-mujeres-jovenes-indigenas-para-proyectos-de-fortalecimiento-empresarial","status":"publish","type":"post","link":"https:\/\/zonaroja.com.mx\/?p=17165","title":{"rendered":"Convocan a mujeres j\u00f3venes ind\u00edgenas para proyectos de fortalecimiento empresarial"},"content":{"rendered":"\n<p>Evlin Arag\u00f3n\/Zona Roja.<\/p>\n\n\n\n<p>Oaxaca de Ju\u00e1rez, Oax., 3 de septiembre de 2020.- Con el objetivo de fortalecer proyectos liderados por mujeres en el \u00e1mbito social y empresarial, la Universidad Tecnol\u00f3gica de la Mixteca (UTM), a trav\u00e9s del equipo ENACTUS y ECOOS-Escuela de Econom\u00eda Social, crean el Programa de Capacitaci\u00f3n y Fortalecimiento Empresarial: Mujeres L\u00edderESS: Liderazgo en Acci\u00f3n (LILA).<\/p>\n\n\n\n<p>Se trata de una iniciativa 100 por ciento virtual, con enfoque social y validez curricular, dirigido a mujeres universitarias de entre 18 y 25 a\u00f1os de edad, que contempla cuatro generaciones, cada edici\u00f3n tiene una duraci\u00f3n de 45 horas distribuidas en seis semanas de trabajo.<\/p>\n\n\n\n<p>Fortaleza, autonom\u00eda, valent\u00eda y libertad son los nombres de las cuatro generaciones que conforman el proceso formativo, la primera de ellas da inicio el pr\u00f3ximo 7 de septiembre y la \u00faltima se extiende hasta el 24 de noviembre. La intenci\u00f3n es que sean las mujeres ind\u00edgenas quienes aprovechen la capacitaci\u00f3n, e incluye becas del 100 por ciento para 20 proyectos por generaci\u00f3n.&nbsp;<\/p>\n\n\n\n<p>De acuerdo con las organizadoras, la pandemia por la pandemia por Covid-19, ha sacudido las concepciones de \u201clo normal\u201d, as\u00ed como devel\u00f3 un sinf\u00edn de crisis, que ya han golpeado a la humanidad en distintas latitudes desde hace tiempo, raz\u00f3n por la que se han dado a la tarea de echar a andar proyectos que impacten en la econom\u00eda de las mujeres.&nbsp;<\/p>\n\n\n\n<p>\u201cEl virus ha visibilizado profundos problemas que debemos corregir integralmente para mirar a nuevos horizontes por eso creamos el Programa de Capacitaci\u00f3n y Fortalecimiento Empresarial: Mujeres L\u00edderESS: Liderazgo en Acci\u00f3n, en modalidad 100 por ciento virtual\u201d, refirieron en el marco de la convocatoria.&nbsp;<\/p>\n\n\n\n<p>Desde hace algunos a\u00f1os la Universidad Tecnol\u00f3gica de la Mixteca, a trav\u00e9s de ENACTUS, se ha dado a la tarea de promover y estimular el desarrollo hol\u00edstico del entorno mediante la creaci\u00f3n y fortalecimiento de negocios sociales en un contexto de globalidad y sostenibilidad.<\/p>\n\n\n\n<p>Mientras que ECOOS-Escuela de Econom\u00eda Social tiene la misi\u00f3n de combatir las desigualdades humanas, a trav\u00e9s del impulso de iniciativas de econom\u00eda social y solidaria, raz\u00f3n por la que brinda herramientas de gesti\u00f3n, para que las personas se conviertan en protagonistas de sus procesos y puedan alcanzar sus objetivos.&nbsp;<\/p>\n\n\n\n<p>Los objetivos compartidos por ambos equipos les han permitido desarrollar este proyecto con el que pretenden beneficiar a las j\u00f3venes que ya son l\u00edderes en sus comunidades y encabezan alg\u00fan tipo de proyecto que puedan consolidar con el apoyo del proceso formativo.<\/p>\n","protected":false},"excerpt":{"rendered":"<p>Evlin Arag\u00f3n\/Zona Roja. Oaxaca de Ju\u00e1rez, Oax., 3 de septiembre de 2020.- Con el objetivo&hellip;<\/p>\n","protected":false},"author":2,"featured_media":17166,"comment_status":"closed","ping_status":"open","sticky":false,"template":"","format":"standard","meta":{"_lmt_disableupdate":"","_lmt_disable":"","_jetpack_memberships_contains_paid_content":false,"footnotes":""},"categories":[109,46],"tags":[1983],"class_list":["post-17165","post","type-post","status-publish","format-standard","has-post-thumbnail","hentry","category-minuto-a-minuto","category-zona-blanca","tag-capacitacion-y-fortalecimiento-empresarial-oaxaca"],"jetpack_featured_media_url":"https:\/\/zonaroja.com.mx\/wp-content\/uploads\/2020\/09\/lila.jpeg","jetpack_sharing_enabled":true,"_links":{"self":[{"href":"https:\/\/zonaroja.com.mx\/index.php?rest_route=\/wp\/v2\/posts\/17165","targetHints":{"allow":["GET"]}}],"collection":[{"href":"https:\/\/zonaroja.com.mx\/index.php?rest_route=\/wp\/v2\/posts"}],"about":[{"href":"https:\/\/zonaroja.com.mx\/index.php?rest_route=\/wp\/v2\/types\/post"}],"author":[{"embeddable":true,"href":"https:\/\/zonaroja.com.mx\/index.php?rest_route=\/wp\/v2\/users\/2"}],"replies":[{"embeddable":true,"href":"https:\/\/zonaroja.com.mx\/index.php?rest_route=%2Fwp%2Fv2%2Fcomments&post=17165"}],"version-history":[{"count":1,"href":"https:\/\/zonaroja.com.mx\/index.php?rest_route=\/wp\/v2\/posts\/17165\/revisions"}],"predecessor-version":[{"id":17167,"href":"https:\/\/zonaroja.com.mx\/index.php?rest_route=\/wp\/v2\/posts\/17165\/revisions\/17167"}],"wp:featuredmedia":[{"embeddable":true,"href":"https:\/\/zonaroja.com.mx\/index.php?rest_route=\/wp\/v2\/media\/17166"}],"wp:attachment":[{"href":"https:\/\/zonaroja.com.mx\/index.php?rest_route=%2Fwp%2Fv2%2Fmedia&parent=17165"}],"wp:term":[{"taxonomy":"category","embeddable":true,"href":"https:\/\/zonaroja.com.mx\/index.php?rest_route=%2Fwp%2Fv2%2Fcategories&post=17165"},{"taxonomy":"post_tag","embeddable":true,"href":"https:\/\/zonaroja.com.mx\/index.php?rest_route=%2Fwp%2Fv2%2Ftags&post=17165"}],"curies":[{"name":"wp","href":"https:\/\/api.w.org\/{rel}","templated":true}]}}