{"id":17168,"date":"2020-09-03T19:29:45","date_gmt":"2020-09-04T00:29:45","guid":{"rendered":"http:\/\/www.zonaroja.com.mx\/?p=17168"},"modified":"2020-09-03T19:29:48","modified_gmt":"2020-09-04T00:29:48","slug":"insuficientes-los-elementos-de-fiscalia-para-vincular-a-proceso-a-agresor-de-reportero-tsj","status":"publish","type":"post","link":"https:\/\/zonaroja.com.mx\/?p=17168","title":{"rendered":"Insuficientes, los elementos de Fiscal\u00eda para vincular a proceso a agresor de reportero: TSJ"},"content":{"rendered":"\n<p>Redacci\u00f3n\/Zona Roja.<\/p>\n\n\n\n<p>Oaxaca de Ju\u00e1rez, Oax., 3 de septiembre de 2020.- Con las pruebas presentadas, la versi\u00f3n de los testigos, as\u00ed como observar las fotograf\u00edas y el video aportado, la jueza del Tribunal Superior de Justicia de Oaxaca no tuvo los elementos suficientes para dictarle un auto de vinculaci\u00f3n contra Julio C\u00e9sar L. J., por lo cual se le otorg\u00f3 la libertad.<\/p>\n\n\n\n<p>En este sentido, en el caso derivado de la causa penal 599\/2020, que involucra al reportero Oth\u00f3n Garc\u00eda D\u00edaz, la Jueza de Control, Sorely Esmirna Castro V\u00e1squez, actu\u00f3 conforme a derecho y al debido proceso, informaron fuentes del Poder Judicial.<\/p>\n\n\n\n<p>Expusieron que desde el inicio del proceso, el imputado fue vinculado exclusivamente por el delito contra la libertad de expresi\u00f3n y no por alg\u00fan otro, toda vez que la orden de aprensi\u00f3n que se ejecut\u00f3 en su contra, fue solicitada por la Fiscal\u00eda General&nbsp; \u00fanicamente por ese delito previsto en el art\u00edculo 424 del C\u00f3digo Penal vigente en el estado, con la agravante de pandillerismo que establece el Art\u00edculo 61 del mismo ordenamiento.<\/p>\n\n\n\n<p>Adem\u00e1s, en la audiencia de comunicaci\u00f3n, que&nbsp; se llev\u00f3 a cabo a trav\u00e9s de videoconferencia el pasado 1 de septiembre del 2020 a las 15:00 horas, respecto del imputado J.C. L.L., la defensa e imputado renunciaron al plazo constitucional para ampliar las investigaciones.<\/p>\n\n\n\n<p>Esto en atenci\u00f3n a que la informaci\u00f3n proporcionada por el Ministerio P\u00fablico en la audiencia result\u00f3 limitada, ya que las declaraciones vertidas desde un inicio no proporcionaron datos para conocer sobre el actuar y qu\u00e9 hizo el imputado en los hechos.<\/p>\n\n\n\n<p>Se\u00f1alaron que es importante precisar que dicho caso no se da por concluido, de obtenerse mayor informaci\u00f3n por parte del Ministerio P\u00fablico, se podr\u00eda reactivar.<\/p>\n\n\n\n<p>Remarcaron que la libertad de expresi\u00f3n es un derecho humano fundamental que se establece el art\u00edculo Sexto de la Constituci\u00f3n Pol\u00edtica de los Estados Unidos Mexicanos y que contribuye en la construcci\u00f3n de una sociedad plural, tolerante, cr\u00edtica y democr\u00e1tica, es reconocido en diversas declaraciones y tratados internacionales.<\/p>\n","protected":false},"excerpt":{"rendered":"<p>Redacci\u00f3n\/Zona Roja. Oaxaca de Ju\u00e1rez, Oax., 3 de septiembre de 2020.- Con las pruebas presentadas,&hellip;<\/p>\n","protected":false},"author":2,"featured_media":13950,"comment_status":"closed","ping_status":"open","sticky":false,"template":"","format":"standard","meta":{"_lmt_disableupdate":"","_lmt_disable":"","_jetpack_memberships_contains_paid_content":false,"footnotes":""},"categories":[109,47],"tags":[1867,1369],"class_list":["post-17168","post","type-post","status-publish","format-standard","has-post-thumbnail","hentry","category-minuto-a-minuto","category-zona-gris","tag-othon-garcia-diaz","tag-tribunal-superior-de-justicia-de-oaxacatsejo"],"jetpack_featured_media_url":"https:\/\/zonaroja.com.mx\/wp-content\/uploads\/2020\/06\/Sala-juicio-oral.jpg","jetpack_sharing_enabled":true,"_links":{"self":[{"href":"https:\/\/zonaroja.com.mx\/index.php?rest_route=\/wp\/v2\/posts\/17168","targetHints":{"allow":["GET"]}}],"collection":[{"href":"https:\/\/zonaroja.com.mx\/index.php?rest_route=\/wp\/v2\/posts"}],"about":[{"href":"https:\/\/zonaroja.com.mx\/index.php?rest_route=\/wp\/v2\/types\/post"}],"author":[{"embeddable":true,"href":"https:\/\/zonaroja.com.mx\/index.php?rest_route=\/wp\/v2\/users\/2"}],"replies":[{"embeddable":true,"href":"https:\/\/zonaroja.com.mx\/index.php?rest_route=%2Fwp%2Fv2%2Fcomments&post=17168"}],"version-history":[{"count":1,"href":"https:\/\/zonaroja.com.mx\/index.php?rest_route=\/wp\/v2\/posts\/17168\/revisions"}],"predecessor-version":[{"id":17169,"href":"https:\/\/zonaroja.com.mx\/index.php?rest_route=\/wp\/v2\/posts\/17168\/revisions\/17169"}],"wp:featuredmedia":[{"embeddable":true,"href":"https:\/\/zonaroja.com.mx\/index.php?rest_route=\/wp\/v2\/media\/13950"}],"wp:attachment":[{"href":"https:\/\/zonaroja.com.mx\/index.php?rest_route=%2Fwp%2Fv2%2Fmedia&parent=17168"}],"wp:term":[{"taxonomy":"category","embeddable":true,"href":"https:\/\/zonaroja.com.mx\/index.php?rest_route=%2Fwp%2Fv2%2Fcategories&post=17168"},{"taxonomy":"post_tag","embeddable":true,"href":"https:\/\/zonaroja.com.mx\/index.php?rest_route=%2Fwp%2Fv2%2Ftags&post=17168"}],"curies":[{"name":"wp","href":"https:\/\/api.w.org\/{rel}","templated":true}]}}