{"id":17170,"date":"2020-09-03T20:39:16","date_gmt":"2020-09-04T01:39:16","guid":{"rendered":"http:\/\/www.zonaroja.com.mx\/?p=17170"},"modified":"2020-09-03T20:39:20","modified_gmt":"2020-09-04T01:39:20","slug":"ante-omision-del-gobernador-el-legislativo-elegira-a-titular-de-comision-de-busqueda","status":"publish","type":"post","link":"https:\/\/zonaroja.com.mx\/?p=17170","title":{"rendered":"Ante omisi\u00f3n del gobernador, el Legislativo elegir\u00e1 a titular de Comisi\u00f3n de B\u00fasqueda"},"content":{"rendered":"\n<p>Redacci\u00f3n\/Zona Roja.<\/p>\n\n\n\n<p>Oaxaca de Ju\u00e1rez, Oax., 3 de septiembre de 2020.- El Congreso del Estado reform\u00f3 la Ley en Materia de Desaparici\u00f3n de Personas para el Estado de Oaxaca, a fin de que sea el mismo Poder Legislativo el que emita la convocatoria para elegir al o la titular de la Comisi\u00f3n Estatal de B\u00fasqueda de Personas.<\/p>\n\n\n\n<p>Lo anterior, debido a que el Poder Ejecutivo estatal no cumpli\u00f3 con este mandato, en beneficio de la demanda de justicia de las v\u00edctimas y sus familiares.<\/p>\n\n\n\n<p>Se trata de una adici\u00f3n de dos p\u00e1rrafos al Art\u00edculo 34 de la referida ley, misma que faculta al presidente de la Junta de Coordinaci\u00f3n Pol\u00edtica del Congreso o de la Comisi\u00f3n Permanente de Administraci\u00f3n y Procuraci\u00f3n de Justicia, a que emita la convocatoria para elegir al o a la comisionada, cuando el titular del Poder Ejecutivo no cumpla dentro del plazo se\u00f1alado.<\/p>\n\n\n\n<p>Asimismo, permite que la misma Comisi\u00f3n permanente desarrolle el proceso de selecci\u00f3n de la terna y los subsecuentes. El plazo para la emisi\u00f3n de la convocatoria ser\u00e1 de 15 d\u00edas previos a que concluya el cargo de comisionada o comisionado.<\/p>\n\n\n\n<p>Esta medida legislativa aprobada por la representaci\u00f3n popular, busca resarcir esta falla y garantizar los derechos humanos y libertades fundamentales mediante la conformaci\u00f3n de instituciones aut\u00f3nomas competentes para agilizar la b\u00fasqueda efectiva de personas desaparecidas, como es el caso de esta Comisi\u00f3n.<\/p>\n\n\n\n<p>El pasado 12 de septiembre, la 64 Legislatura reform\u00f3 la Ley en Materia de Desaparici\u00f3n de Personas para el Estado de Oaxaca, misma que facultaba al Poder Ejecutivo para emitir la convocatoria p\u00fablica, abierta y con participaci\u00f3n activa de familiares de personas desaparecidas, a fin de realizar el proceso de selecci\u00f3n de una terna y remitir la misma al Congreso.<\/p>\n\n\n\n<p>Sin embargo, a partir de ahora, la conducci\u00f3n de dicho proceso queda en manos de los integrantes de la C\u00e1mara de Diputados local.<\/p>\n","protected":false},"excerpt":{"rendered":"<p>Redacci\u00f3n\/Zona Roja. Oaxaca de Ju\u00e1rez, Oax., 3 de septiembre de 2020.- El Congreso del Estado&hellip;<\/p>\n","protected":false},"author":2,"featured_media":13618,"comment_status":"closed","ping_status":"open","sticky":false,"template":"","format":"standard","meta":{"_lmt_disableupdate":"","_lmt_disable":"","_jetpack_memberships_contains_paid_content":false,"footnotes":""},"categories":[109,46],"tags":[213],"class_list":["post-17170","post","type-post","status-publish","format-standard","has-post-thumbnail","hentry","category-minuto-a-minuto","category-zona-blanca","tag-64-legislatura-de-oaxaca"],"jetpack_featured_media_url":"https:\/\/zonaroja.com.mx\/wp-content\/uploads\/2020\/06\/Congreso-local.jpeg","jetpack_sharing_enabled":true,"_links":{"self":[{"href":"https:\/\/zonaroja.com.mx\/index.php?rest_route=\/wp\/v2\/posts\/17170","targetHints":{"allow":["GET"]}}],"collection":[{"href":"https:\/\/zonaroja.com.mx\/index.php?rest_route=\/wp\/v2\/posts"}],"about":[{"href":"https:\/\/zonaroja.com.mx\/index.php?rest_route=\/wp\/v2\/types\/post"}],"author":[{"embeddable":true,"href":"https:\/\/zonaroja.com.mx\/index.php?rest_route=\/wp\/v2\/users\/2"}],"replies":[{"embeddable":true,"href":"https:\/\/zonaroja.com.mx\/index.php?rest_route=%2Fwp%2Fv2%2Fcomments&post=17170"}],"version-history":[{"count":1,"href":"https:\/\/zonaroja.com.mx\/index.php?rest_route=\/wp\/v2\/posts\/17170\/revisions"}],"predecessor-version":[{"id":17171,"href":"https:\/\/zonaroja.com.mx\/index.php?rest_route=\/wp\/v2\/posts\/17170\/revisions\/17171"}],"wp:featuredmedia":[{"embeddable":true,"href":"https:\/\/zonaroja.com.mx\/index.php?rest_route=\/wp\/v2\/media\/13618"}],"wp:attachment":[{"href":"https:\/\/zonaroja.com.mx\/index.php?rest_route=%2Fwp%2Fv2%2Fmedia&parent=17170"}],"wp:term":[{"taxonomy":"category","embeddable":true,"href":"https:\/\/zonaroja.com.mx\/index.php?rest_route=%2Fwp%2Fv2%2Fcategories&post=17170"},{"taxonomy":"post_tag","embeddable":true,"href":"https:\/\/zonaroja.com.mx\/index.php?rest_route=%2Fwp%2Fv2%2Ftags&post=17170"}],"curies":[{"name":"wp","href":"https:\/\/api.w.org\/{rel}","templated":true}]}}