{"id":17172,"date":"2020-09-04T08:47:00","date_gmt":"2020-09-04T13:47:00","guid":{"rendered":"http:\/\/www.zonaroja.com.mx\/?p=17172"},"modified":"2020-09-03T21:02:11","modified_gmt":"2020-09-04T02:02:11","slug":"llega-cuadernos-de-la-pandemia-a-decima-edicion-analiza-regreso-a-clases","status":"publish","type":"post","link":"https:\/\/zonaroja.com.mx\/?p=17172","title":{"rendered":"Llega \u201cCuadernos de la Pandemia\u201d a d\u00e9cima edici\u00f3n; analiza regreso a clases"},"content":{"rendered":"\n<p>Evlin Arag\u00f3n\/Zona Roja.<\/p>\n\n\n\n<p>Oaxaca de Ju\u00e1rez, Oax., 4 de septiembre de 2020.- Como parte del ejercicio individual y colectivo de analizar los efectos de la contingencia sanitaria por Covid-19 en la entidad oaxaque\u00f1a, la publicaci\u00f3n digital \u201cCuadernos de la Pandemia\u201d llega a su d\u00e9cima edici\u00f3n de la mano de Isidoro Yescas y Claudio S\u00e1nchez, as\u00ed como decenas de colaboradores.&nbsp;<\/p>\n\n\n\n<p>De acuerdo con sus principales impulsores, debido a sus caracter\u00edsticas particulares, la revista se convirti\u00f3 en un proyecto pionero a nivel nacional para que periodistas, acad\u00e9micos, l\u00edderes de opini\u00f3n y profesionistas de la medicina reflexionen en voz alta sobre los aciertos y errores del gobierno federal y el Gobierno del Estado de Oaxaca para enfrentar con eficacia la pandemia.&nbsp;<\/p>\n\n\n\n<p>As\u00ed mismo, se ha dado a la tarea, desde abril que sali\u00f3 el primer n\u00famero y hasta la fecha, de evaluar el comportamiento de las instituciones municipales y educativa, ponderar la capacidad de reacci\u00f3n y organizaci\u00f3n de la sociedad y sugerir alternativas de soluci\u00f3n a algunos de los problemas no atendidos con la oportunidad, conocimiento y transparencia.&nbsp;<\/p>\n\n\n\n<p>\u201cHan pasado ya seis meses y las cifras crecientes de contagios y fallecimientos parecieran todav\u00eda incontenibles a los largo y ancho del territorio nacional. La pandemia no para, pero nosotros tampoco\u201d, refieren.<\/p>\n\n\n\n<p>Tambi\u00e9n se\u00f1alan que la publicaci\u00f3n ha llegado a su d\u00e9cima edici\u00f3n con el respaldo de Carteles Editores y la desinteresada colaboraci\u00f3n de oaxaque\u00f1as y oaxaque\u00f1os que han hecho causa com\u00fan la de documentar el paso de la pandemia en territorio oaxaque\u00f1o.&nbsp;<\/p>\n\n\n\n<p>El tema central en esta ocasi\u00f3n es sin duda el inicio a clases en una modalidad a distancia que se enfrenta a retos espec\u00edficos en territorios rurales e ind\u00edgenas de la entidad, contado con textos como: \u201cAprendiendo en Casa II: contradicciones y dificultades\u201d; \u201cUn agobiante y ca\u00f3tico primer d\u00eda de teletrabajo escolar\u201d; \u201cEducaci\u00f3n a distancia y distante de los pueblos ind\u00edgenas\u201d; \u201cAntes y durante la pandemia: los eternos rezagos educativos de Oaxaca\u201d.<\/p>\n\n\n\n<p>La muerte del columnista oaxaque\u00f1o Narciso Reyes no pasa desapercibida en esta edici\u00f3n, as\u00ed como se abre paso a testimonios y cr\u00f3nicas de quienes han enfrentado en persona al virus Sars-Cov2 que ha originado la pandemia mundial, tal y como se lee en los art\u00edculos: \u201cChicho (a) \u2018Juan Diego\u2019, el columnista que nos arrebat\u00f3 el Covid\u201d; \u201cEl d\u00eda que no quisimos alzar el vuelo\u201d; \u201c\u2019Es positivo\u2019\u201d, escuch\u00f3\u2026y qued\u00f3 paralizado\u201d; \u201cSem\u00e1foro hospitalario: salvando vidas entre miedos e incertidumbre\u201d.<\/p>\n\n\n\n<p>Otros textos publicados son: \u201cEl \u2018tsunami\u2019 pand\u00e9mico de Huatulco\u201d; \u201cC\u00f3mo humanizar la casa en tiempo de Covid\u201d; \u201c\u00a1Cu\u00e1nto estamos cambiando!; Las dos balas, otra vez\u201d; \u201cReactivaci\u00f3n, nostalgia y presente con fututo incierto\u201d; \u201cC\u00f3mo vivir \u2018El Grito\u2019 con tapabocas\u201d; \u201cSeptiembre quiere ser otro\u201d; as\u00ed como el gustado ensayo fotogr\u00e1fico de cada edici\u00f3n.<\/p>\n\n\n\n<p>En esta ocasi\u00f3n, Samael Hern\u00e1ndez Ruiz, Joel Vicente Cort\u00e9s, Gerardo Garfias Ruiz, Ismael Garc\u00eda, Claudio S\u00e1nchez Islas, Isidoro Yescas, Ad\u00e1n Pacheco Ram\u00edrez, Bartolom\u00e9 Rodolfo Navarro Jim\u00e9nez, Omar Gasga, Prometeo S\u00e1nchez Islas, N\u00e9stor Y. S\u00e1nchez Islas, Carlos Beas Torres, Bruno Torres Carbajal, Rodrigo Vel\u00e1squez Torres y Manuel Matus Manzo, son las plumas que participan en este d\u00e9cimo n\u00famero que est\u00e1 disponible de forma gratuita.<\/p>\n\n\n\n<p>Aqu\u00ed puede consultar la edici\u00f3n:<\/p>\n\n\n\n<p><a href=\"https:\/\/indd.adobe.com\/view\/c74dc7b5-1340-4be2-92b6-a72d46ddddd1?fbclid=IwAR3I1dm5Q21IeI87zQJCVLyotZQ2mFreh2DOnipShj1Nsf7FBNmL9X8jKp0\">https:\/\/indd.adobe.com\/view\/c74dc7b5-1340-4be2-92b6-a72d46ddddd1?fbclid=IwAR3I1dm5Q21IeI87zQJCVLyotZQ2mFreh2DOnipShj1Nsf7FBNmL9X8jKp0<\/a><\/p>\n","protected":false},"excerpt":{"rendered":"<p>Evlin Arag\u00f3n\/Zona Roja. Oaxaca de Ju\u00e1rez, Oax., 4 de septiembre de 2020.- Como parte del&hellip;<\/p>\n","protected":false},"author":2,"featured_media":17173,"comment_status":"closed","ping_status":"open","sticky":false,"template":"","format":"standard","meta":{"_lmt_disableupdate":"","_lmt_disable":"","_jetpack_memberships_contains_paid_content":false,"footnotes":""},"categories":[109,46],"tags":[1655],"class_list":["post-17172","post","type-post","status-publish","format-standard","has-post-thumbnail","hentry","category-minuto-a-minuto","category-zona-blanca","tag-cuadernos-de-la-pandemia"],"jetpack_featured_media_url":"https:\/\/zonaroja.com.mx\/wp-content\/uploads\/2020\/09\/Cuadernos-de-la-Pandemia-10.jpg","jetpack_sharing_enabled":true,"_links":{"self":[{"href":"https:\/\/zonaroja.com.mx\/index.php?rest_route=\/wp\/v2\/posts\/17172","targetHints":{"allow":["GET"]}}],"collection":[{"href":"https:\/\/zonaroja.com.mx\/index.php?rest_route=\/wp\/v2\/posts"}],"about":[{"href":"https:\/\/zonaroja.com.mx\/index.php?rest_route=\/wp\/v2\/types\/post"}],"author":[{"embeddable":true,"href":"https:\/\/zonaroja.com.mx\/index.php?rest_route=\/wp\/v2\/users\/2"}],"replies":[{"embeddable":true,"href":"https:\/\/zonaroja.com.mx\/index.php?rest_route=%2Fwp%2Fv2%2Fcomments&post=17172"}],"version-history":[{"count":1,"href":"https:\/\/zonaroja.com.mx\/index.php?rest_route=\/wp\/v2\/posts\/17172\/revisions"}],"predecessor-version":[{"id":17174,"href":"https:\/\/zonaroja.com.mx\/index.php?rest_route=\/wp\/v2\/posts\/17172\/revisions\/17174"}],"wp:featuredmedia":[{"embeddable":true,"href":"https:\/\/zonaroja.com.mx\/index.php?rest_route=\/wp\/v2\/media\/17173"}],"wp:attachment":[{"href":"https:\/\/zonaroja.com.mx\/index.php?rest_route=%2Fwp%2Fv2%2Fmedia&parent=17172"}],"wp:term":[{"taxonomy":"category","embeddable":true,"href":"https:\/\/zonaroja.com.mx\/index.php?rest_route=%2Fwp%2Fv2%2Fcategories&post=17172"},{"taxonomy":"post_tag","embeddable":true,"href":"https:\/\/zonaroja.com.mx\/index.php?rest_route=%2Fwp%2Fv2%2Ftags&post=17172"}],"curies":[{"name":"wp","href":"https:\/\/api.w.org\/{rel}","templated":true}]}}