{"id":17175,"date":"2020-09-04T08:00:36","date_gmt":"2020-09-04T13:00:36","guid":{"rendered":"http:\/\/www.zonaroja.com.mx\/?p=17175"},"modified":"2020-09-03T21:26:09","modified_gmt":"2020-09-04T02:26:09","slug":"denuncian-en-congreso-pesimos-trabajos-de-cao-en-juchitan","status":"publish","type":"post","link":"https:\/\/zonaroja.com.mx\/?p=17175","title":{"rendered":"Denuncian en Congreso p\u00e9simos trabajos de CAO en Juchit\u00e1n"},"content":{"rendered":"\n<p>Redacci\u00f3n\/Zona Roja.<\/p>\n\n\n\n<p>Oaxaca de Ju\u00e1rez, Oax.- 4 de septiembre de 2020.- Pese a una inversi\u00f3n de 29.5 millones de pesos para la rehabilitaci\u00f3n de ocho kil\u00f3metros, Caminos y Aeropistas de Oaxaca (CAO) realiza un p\u00e9simo trabajo en la carretera Juchit\u00e1n de Zaragoza-Uni\u00f3n Hidalgo.<\/p>\n\n\n\n<p>As\u00ed lo denunci\u00f3 la diputada Gloria S\u00e1nchez L\u00f3pez durante la reciente sesi\u00f3n ordinaria de la 64 Legislatura, en que propuso un exhorto al titular de esa dependencia, David Mayr\u00e9n Carrasco, para que se supervise la obra.<\/p>\n\n\n\n<p>La ex presidenta municipal de Juchit\u00e1n inform\u00f3 que el d\u00eda 30 de julio de este a\u00f1o, se dio el banderazo de inicio de la citada obra, asignada a la empresa Corporativo Alialera S.A. de C.V., por un monto de 29 millones 594 mil pesos.<\/p>\n\n\n\n<p>Ella misma atestigu\u00f3 el compromiso que hicieron las autoridades estatales de realizar esta obra \u201ccon los est\u00e1ndares de seguridad y calidad que marca la normatividad en la materia\u201d.<\/p>\n\n\n\n<figure class=\"wp-block-embed-twitter wp-block-embed is-type-rich is-provider-twitter\"><div class=\"wp-block-embed__wrapper\">\n<div class=\"twitter-tweet\"><blockquote class=\"twitter-tweet\" data-lang=\"es\"><p lang=\"es\" dir=\"ltr\"><a href=\"https:\/\/twitter.com\/hashtag\/OaxacaGris?src=hash&amp;ref_src=twsrc%5Etfw\">#OaxacaGris<\/a><br>En la sesi\u00f3n ordinaria de ayer del <a href=\"https:\/\/twitter.com\/CongresoOaxLXIV?ref_src=twsrc%5Etfw\">@CongresoOaxLXIV<\/a>, la diputada <a href=\"https:\/\/twitter.com\/gloriasanchez71?ref_src=twsrc%5Etfw\">@gloriasanchez71<\/a> expuso los p\u00e9simos trabajos que realiza <a href=\"https:\/\/twitter.com\/CAO_GobOax?ref_src=twsrc%5Etfw\">@CAO_GobOax<\/a> en la carretera Juchit\u00e1n-Uni\u00f3n Hidalgo; llam\u00f3 al titular, <a href=\"https:\/\/twitter.com\/DavidMayren?ref_src=twsrc%5Etfw\">@DavidMayren<\/a>, a revisar y rectificar. <a href=\"https:\/\/t.co\/ccKxZXWPWz\">pic.twitter.com\/ccKxZXWPWz<\/a><\/p>&mdash; Zona Roja Oaxaca (@MexRoja) <a href=\"https:\/\/twitter.com\/MexRoja\/status\/1301704893732925440?ref_src=twsrc%5Etfw\">4 de septiembre de 2020<\/a><\/blockquote><\/div>\n<\/div><\/figure>\n\n\n\n<p>\u201cDesafortunadamente, las obras que se est\u00e1n llevando a cabo no responden a los compromisos hechos, ni a los est\u00e1ndares que se requieren para que sea una obra funcional y de utilidad p\u00fablica\u201d, manifest\u00f3 en tribuna.<\/p>\n\n\n\n<p>Se\u00f1al\u00f3 que la carretera Juchit\u00e1n\u2013Uni\u00f3n Hidalgo, es una v\u00eda de comunicaci\u00f3n que ha sido reconstruida en varias ocasiones, significando grandes costos y p\u00e9rdidas para el estado, y la cual constantemente se encuentra en malas condiciones.<\/p>\n\n\n\n<p>Por ello, solicit\u00f3 el apoyo de los diputados para que no se repita la misma historia de simulaci\u00f3n en la reconstrucci\u00f3n de la carretera.<\/p>\n\n\n\n<p>Tambi\u00e9n, resalt\u00f3 que los transportistas, as\u00ed como la ciudadan\u00eda en general, protestan por tanta negligencia de parte de las autoridades obligadas en verificar que las obras verdaderamente sean funcionales.<\/p>\n\n\n\n<p>A esta propuesta, se sum\u00f3 el congresista, Pavel Mel\u00e9ndez, quien exigi\u00f3 al Gobierno del Estado transparencia en el uso y aplicaci\u00f3n de los recursos etiquetados para dicha obra.<\/p>\n\n\n\n<p>Durante tres d\u00edas, del lunes a mi\u00e9rcoles, transportistas y pobladores de Juchit\u00e1n y Uni\u00f3n Hidalgo mantuvieron bloqueos carreteros en al menos cuatro puntos, a fin de exigir trabajos de calidad y que adem\u00e1s se ampl\u00eden los trabajos.<\/p>\n","protected":false},"excerpt":{"rendered":"<p>Redacci\u00f3n\/Zona Roja. Oaxaca de Ju\u00e1rez, Oax.- 4 de septiembre de 2020.- Pese a una inversi\u00f3n&hellip;<\/p>\n","protected":false},"author":2,"featured_media":17176,"comment_status":"closed","ping_status":"open","sticky":false,"template":"","format":"standard","meta":{"_lmt_disableupdate":"","_lmt_disable":"","_jetpack_memberships_contains_paid_content":false,"footnotes":""},"categories":[109,47],"tags":[213,1388],"class_list":["post-17175","post","type-post","status-publish","format-standard","has-post-thumbnail","hentry","category-minuto-a-minuto","category-zona-gris","tag-64-legislatura-de-oaxaca","tag-caminos-y-aeropistas-de-oaxaca-cao"],"jetpack_featured_media_url":"https:\/\/zonaroja.com.mx\/wp-content\/uploads\/2020\/09\/Obra-CAO-Juchitan.jpeg","jetpack_sharing_enabled":true,"_links":{"self":[{"href":"https:\/\/zonaroja.com.mx\/index.php?rest_route=\/wp\/v2\/posts\/17175","targetHints":{"allow":["GET"]}}],"collection":[{"href":"https:\/\/zonaroja.com.mx\/index.php?rest_route=\/wp\/v2\/posts"}],"about":[{"href":"https:\/\/zonaroja.com.mx\/index.php?rest_route=\/wp\/v2\/types\/post"}],"author":[{"embeddable":true,"href":"https:\/\/zonaroja.com.mx\/index.php?rest_route=\/wp\/v2\/users\/2"}],"replies":[{"embeddable":true,"href":"https:\/\/zonaroja.com.mx\/index.php?rest_route=%2Fwp%2Fv2%2Fcomments&post=17175"}],"version-history":[{"count":1,"href":"https:\/\/zonaroja.com.mx\/index.php?rest_route=\/wp\/v2\/posts\/17175\/revisions"}],"predecessor-version":[{"id":17177,"href":"https:\/\/zonaroja.com.mx\/index.php?rest_route=\/wp\/v2\/posts\/17175\/revisions\/17177"}],"wp:featuredmedia":[{"embeddable":true,"href":"https:\/\/zonaroja.com.mx\/index.php?rest_route=\/wp\/v2\/media\/17176"}],"wp:attachment":[{"href":"https:\/\/zonaroja.com.mx\/index.php?rest_route=%2Fwp%2Fv2%2Fmedia&parent=17175"}],"wp:term":[{"taxonomy":"category","embeddable":true,"href":"https:\/\/zonaroja.com.mx\/index.php?rest_route=%2Fwp%2Fv2%2Fcategories&post=17175"},{"taxonomy":"post_tag","embeddable":true,"href":"https:\/\/zonaroja.com.mx\/index.php?rest_route=%2Fwp%2Fv2%2Ftags&post=17175"}],"curies":[{"name":"wp","href":"https:\/\/api.w.org\/{rel}","templated":true}]}}