{"id":17181,"date":"2020-09-03T21:42:32","date_gmt":"2020-09-04T02:42:32","guid":{"rendered":"http:\/\/www.zonaroja.com.mx\/?p=17181"},"modified":"2020-09-03T21:42:36","modified_gmt":"2020-09-04T02:42:36","slug":"atiende-amlo-con-liderazgo-emergencia-por-covid-19-othon-cuevas","status":"publish","type":"post","link":"https:\/\/zonaroja.com.mx\/?p=17181","title":{"rendered":"Atiende AMLO con liderazgo emergencia por Covid-19: Oth\u00f3n Cuevas"},"content":{"rendered":"\n<p>Yuridiana Sosa\/Zona Roja.<\/p>\n\n\n\n<p>Oaxaca de Ju\u00e1rez, Oax., 3 de septiembre de 2020.- La contingencia sanitaria por Covid-19 demostr\u00f3 que M\u00e9xico cuenta con un Presidente, sensible que se anticip\u00f3 con acciones que mermaron un panor\u00e1mico catastr\u00f3fico, se\u00f1al\u00f3 el diputado Oth\u00f3n Cuevas C\u00f3rdova. como parte de su balance del Segundo Informe de gobierno de Andr\u00e9s Manuel L\u00f3pez Obrador.<\/p>\n\n\n\n<p>El diputado local por Morena reconoci\u00f3 que este a\u00f1o ha sido de los peores para el pa\u00eds, pero \u201cen el peor momento de M\u00e9xico, (hay) el mejor Presidente de la Rep\u00fablica\u201d, de quien agreg\u00f3 que frente a la pandemia tom\u00f3 decisiones importantes para amortiguar la situaci\u00f3n econ\u00f3mica de las familias mexicanas.<\/p>\n\n\n\n<p>Se refiri\u00f3 al pago por adelantado de diversos programas federales, principalmente el dirigido a los adultos mayores.<\/p>\n\n\n\n<figure class=\"wp-block-embed-twitter wp-block-embed is-type-rich is-provider-twitter\"><div class=\"wp-block-embed__wrapper\">\n<div class=\"twitter-tweet\"><blockquote class=\"twitter-tweet\" data-lang=\"es\"><p lang=\"es\" dir=\"ltr\">En el marco del <a href=\"https:\/\/twitter.com\/hashtag\/SegundoInformeDeGobierno?src=hash&amp;ref_src=twsrc%5Etfw\">#SegundoInformeDeGobierno<\/a>, el diputado local por Morena, <a href=\"https:\/\/twitter.com\/othoncuevas?ref_src=twsrc%5Etfw\">@othoncuevas<\/a>, resalt\u00f3 los logros del mandatario <a href=\"https:\/\/twitter.com\/lopezobrador_?ref_src=twsrc%5Etfw\">@lopezobrador_<\/a> y en Oaxaca hay vasta muestra de ello, como las obras carreteras, dijo. <a href=\"https:\/\/t.co\/8IqVDHnXfX\">pic.twitter.com\/8IqVDHnXfX<\/a><\/p>&mdash; Zona Roja Oaxaca (@MexRoja) <a href=\"https:\/\/twitter.com\/MexRoja\/status\/1301673413069635584?ref_src=twsrc%5Etfw\">4 de septiembre de 2020<\/a><\/blockquote><\/div>\n<\/div><\/figure>\n\n\n\n<p>\u201cQuienes quer\u00edan ver una situaci\u00f3n como la de Ecuador, con personas muertas por Covid en las calles, no se les hizo; a los que quer\u00edan que hubiera muertos a las puertas de los hospitales por faltas de camas, no se les hizo. Incluso esperaban ver saqueos por comida, tampoco se les hizo. No se les cumpli\u00f3\u201d, expres\u00f3 el legislador con relaci\u00f3n a los opositores del gobierno de M\u00e9xico.<\/p>\n\n\n\n<p>Oth\u00f3n Cuevas asegur\u00f3 que L\u00f3pez Obrador actu\u00f3 de forma oportuna ante la contingencia por Covid, en la que por su liderazgo se alcanzaron alianzas internacionales importantes, de las cuales se puede presumir que habr\u00e1 vacunas contra esta enfermedad para todos los mexicanos.<\/p>\n\n\n\n<p>\u201cVamos bien\u201d, sostuvo Cuevas C\u00f3rdoba, quien afirm\u00f3 que como gobierno de la cuarta transformaci\u00f3n se continuar\u00e1 \u201cregenerando al pa\u00eds\u201d, luchado principalmente contra la corrupci\u00f3n, as\u00ed como en la democratizaci\u00f3n del pa\u00eds.<\/p>\n","protected":false},"excerpt":{"rendered":"<p>Yuridiana Sosa\/Zona Roja. Oaxaca de Ju\u00e1rez, Oax., 3 de septiembre de 2020.- La contingencia sanitaria&hellip;<\/p>\n","protected":false},"author":2,"featured_media":17182,"comment_status":"closed","ping_status":"open","sticky":false,"template":"","format":"standard","meta":{"_lmt_disableupdate":"","_lmt_disable":"","_jetpack_memberships_contains_paid_content":false,"footnotes":""},"categories":[109,46],"tags":[1311],"class_list":["post-17181","post","type-post","status-publish","format-standard","has-post-thumbnail","hentry","category-minuto-a-minuto","category-zona-blanca","tag-othon-cuevas-cordova"],"jetpack_featured_media_url":"https:\/\/zonaroja.com.mx\/wp-content\/uploads\/2020\/09\/Othon-Cuevas-C.png","jetpack_sharing_enabled":true,"_links":{"self":[{"href":"https:\/\/zonaroja.com.mx\/index.php?rest_route=\/wp\/v2\/posts\/17181","targetHints":{"allow":["GET"]}}],"collection":[{"href":"https:\/\/zonaroja.com.mx\/index.php?rest_route=\/wp\/v2\/posts"}],"about":[{"href":"https:\/\/zonaroja.com.mx\/index.php?rest_route=\/wp\/v2\/types\/post"}],"author":[{"embeddable":true,"href":"https:\/\/zonaroja.com.mx\/index.php?rest_route=\/wp\/v2\/users\/2"}],"replies":[{"embeddable":true,"href":"https:\/\/zonaroja.com.mx\/index.php?rest_route=%2Fwp%2Fv2%2Fcomments&post=17181"}],"version-history":[{"count":1,"href":"https:\/\/zonaroja.com.mx\/index.php?rest_route=\/wp\/v2\/posts\/17181\/revisions"}],"predecessor-version":[{"id":17183,"href":"https:\/\/zonaroja.com.mx\/index.php?rest_route=\/wp\/v2\/posts\/17181\/revisions\/17183"}],"wp:featuredmedia":[{"embeddable":true,"href":"https:\/\/zonaroja.com.mx\/index.php?rest_route=\/wp\/v2\/media\/17182"}],"wp:attachment":[{"href":"https:\/\/zonaroja.com.mx\/index.php?rest_route=%2Fwp%2Fv2%2Fmedia&parent=17181"}],"wp:term":[{"taxonomy":"category","embeddable":true,"href":"https:\/\/zonaroja.com.mx\/index.php?rest_route=%2Fwp%2Fv2%2Fcategories&post=17181"},{"taxonomy":"post_tag","embeddable":true,"href":"https:\/\/zonaroja.com.mx\/index.php?rest_route=%2Fwp%2Fv2%2Ftags&post=17181"}],"curies":[{"name":"wp","href":"https:\/\/api.w.org\/{rel}","templated":true}]}}