{"id":17184,"date":"2020-09-04T07:57:14","date_gmt":"2020-09-04T12:57:14","guid":{"rendered":"http:\/\/www.zonaroja.com.mx\/?p=17184"},"modified":"2020-09-04T07:57:17","modified_gmt":"2020-09-04T12:57:17","slug":"atrapan-a-presunto-asaltante-de-tiendas-oxxo-en-el-istmo","status":"publish","type":"post","link":"https:\/\/zonaroja.com.mx\/?p=17184","title":{"rendered":"Atrapan a presunto asaltante de tiendas Oxxo en el Istmo"},"content":{"rendered":"\n<p>Redacci\u00f3n\/Zona Roja.<\/p>\n\n\n\n<p>Oaxaca de Ju\u00e1rez, Oax., 4 de septiembre de 2020.- Elementos de la Polic\u00eda Estatal de Oaxaca detuvieron a un presunto ladr\u00f3n que, de acuerdo con las c\u00e1maras de videovigilancia, ha asaltado varias tiendas Oxxo en la regi\u00f3n del Istmo de Tehuantepec.<\/p>\n\n\n\n<p>Seg\u00fan informes de la Secretar\u00eda de Seguridad P\u00fablica de Oaxaca, durante patrullajes de los uniformados por la Primera Secci\u00f3n de Juchit\u00e1n de Zaragoza, se detuvo a quien se identific\u00f3 como Erik \u201cN\u201d, quien portaba un arma fuego y cartuchos \u00fatiles sin licencia.<\/p>\n\n\n\n<p>Al efectuarle una inspecci\u00f3n de rutina, en el interior de su mochila le fue localizada un arma de fuego tipo escuadra y un cargador abastecido con cinco cartuchos, calibre nueve mil\u00edmetros.<\/p>\n\n\n\n<p>De acuerdo con las indagatorias y seguimiento a trav\u00e9s de videos, el detenido en fechas anteriores hab\u00eda sido reportado por diversos asaltos cometidos en las sucursales de tiendas Oxxo; al hacer una comparativa con las c\u00e1maras de seguridad, coincidieron las caracter\u00edsticas f\u00edsicas y la gorra que portaba.<\/p>\n\n\n\n<p>Por lo anterior y, de acuerdo a los antecedentes antes referidos, fue puesto a disposici\u00f3n de las autoridades correspondientes, quienes determinar\u00e1n su situaci\u00f3n jur\u00eddica.<\/p>\n","protected":false},"excerpt":{"rendered":"<p>Redacci\u00f3n\/Zona Roja. Oaxaca de Ju\u00e1rez, Oax., 4 de septiembre de 2020.- Elementos de la Polic\u00eda&hellip;<\/p>\n","protected":false},"author":2,"featured_media":17185,"comment_status":"closed","ping_status":"open","sticky":false,"template":"","format":"standard","meta":{"_lmt_disableupdate":"","_lmt_disable":"","_jetpack_memberships_contains_paid_content":false,"footnotes":""},"categories":[109,47],"tags":[175],"class_list":["post-17184","post","type-post","status-publish","format-standard","has-post-thumbnail","hentry","category-minuto-a-minuto","category-zona-gris","tag-secretaria-de-seguridad-publica-de-oaxaca"],"jetpack_featured_media_url":"https:\/\/zonaroja.com.mx\/wp-content\/uploads\/2020\/09\/Detenido-Juchitan.jpg","jetpack_sharing_enabled":true,"_links":{"self":[{"href":"https:\/\/zonaroja.com.mx\/index.php?rest_route=\/wp\/v2\/posts\/17184","targetHints":{"allow":["GET"]}}],"collection":[{"href":"https:\/\/zonaroja.com.mx\/index.php?rest_route=\/wp\/v2\/posts"}],"about":[{"href":"https:\/\/zonaroja.com.mx\/index.php?rest_route=\/wp\/v2\/types\/post"}],"author":[{"embeddable":true,"href":"https:\/\/zonaroja.com.mx\/index.php?rest_route=\/wp\/v2\/users\/2"}],"replies":[{"embeddable":true,"href":"https:\/\/zonaroja.com.mx\/index.php?rest_route=%2Fwp%2Fv2%2Fcomments&post=17184"}],"version-history":[{"count":1,"href":"https:\/\/zonaroja.com.mx\/index.php?rest_route=\/wp\/v2\/posts\/17184\/revisions"}],"predecessor-version":[{"id":17186,"href":"https:\/\/zonaroja.com.mx\/index.php?rest_route=\/wp\/v2\/posts\/17184\/revisions\/17186"}],"wp:featuredmedia":[{"embeddable":true,"href":"https:\/\/zonaroja.com.mx\/index.php?rest_route=\/wp\/v2\/media\/17185"}],"wp:attachment":[{"href":"https:\/\/zonaroja.com.mx\/index.php?rest_route=%2Fwp%2Fv2%2Fmedia&parent=17184"}],"wp:term":[{"taxonomy":"category","embeddable":true,"href":"https:\/\/zonaroja.com.mx\/index.php?rest_route=%2Fwp%2Fv2%2Fcategories&post=17184"},{"taxonomy":"post_tag","embeddable":true,"href":"https:\/\/zonaroja.com.mx\/index.php?rest_route=%2Fwp%2Fv2%2Ftags&post=17184"}],"curies":[{"name":"wp","href":"https:\/\/api.w.org\/{rel}","templated":true}]}}