{"id":17191,"date":"2020-09-04T13:26:04","date_gmt":"2020-09-04T18:26:04","guid":{"rendered":"https:\/\/www.zonaroja.com.mx\/?p=17191"},"modified":"2020-09-04T13:26:08","modified_gmt":"2020-09-04T18:26:08","slug":"transportistas-retienen-a-funcionarios-en-la-costa-y-la-mixteca","status":"publish","type":"post","link":"https:\/\/zonaroja.com.mx\/?p=17191","title":{"rendered":"Transportistas retienen a funcionarios en la Costa y la Mixteca"},"content":{"rendered":"\n<p class=\"MsoNormal\">Yuridiana Sosa\/Zona Roja. <\/p>\n\n\n\n<p class=\"MsoNormal\">Oaxaca de Ju\u00e1rez, Oax., 4 de septiembre de 2020.- Transportistas de las regiones de la Costa y de la Mixteca se manifestaron <a href=\"\/\/1\">este viernes<\/a>en los municipios de Pinotepa Nacional y Huajuapan de Le\u00f3n, respectivamente, con la retenci\u00f3n de funcionarios de Secretar\u00eda de Movilidad y Fiscal\u00eda General de Oaxaca.<\/p>\n\n\n\n<p class=\"MsoNormal\">En la Costa, los integrantes de la Alianza de Transportistas retienen en un hotel de Pinotepa Nacional, al subsecretario de la Secretar\u00eda de Movilidad, Mario Alberto Guzm\u00e1n Jaime, por la falta de soluci\u00f3n a los problemas en el transporte.<\/p>\n\n\n\n<p class=\"MsoNormal\">Decenas de taxistas se reunieron en hotel donde tendr\u00edan una reuni\u00f3n para abordar los temas pendientes, pero decidieron presionar con la retenci\u00f3n del funcionario estatal, a quien a gritos le reclamaron la desatenci\u00f3n y diversas afectaciones que han registrado.<\/p>\n\n\n\n<p class=\"MsoNormal\">Los transportistas lograron doblegar al subsecretario con una reuni\u00f3n con la mayor cantidad de interesados, pues de lo contrario advirtieron que no dejar\u00edan regresar a Guzm\u00e1n Jaime a la capital oaxaque\u00f1a. En la reuni\u00f3n tambi\u00e9n participaron funcionarios de la Secretar\u00eda de Seguridad P\u00fablica.<\/p>\n\n\n\n<p class=\"MsoNormal\">Por otra parte, en la regi\u00f3n de la Mixteca, taxistas agremiados al Frente Nacional Ind\u00edgena Campesino (FNIC), se apoderaron de las instalaciones de la Vicefiscal\u00eda Regional de Oaxaca en el municipio de Huajuapan, para exigir la liberaci\u00f3n de una unidad del trasporte tipo Urvan adherida a esa organizaci\u00f3n.<\/p>\n\n\n\n<p class=\"MsoNormal\">Como parte de su protesta, los inconformes tambi\u00e9n instalaron por unas horas un bloqueo en la carretera Huajuapan-Oaxaca, en inmediaciones de la desviaci\u00f3n a Tezoatl\u00e1n de Segura y Luna, adem\u00e1s de otra obstrucci\u00f3n en el libramiento Norte, donde se ubica la Vicefiscal\u00eda Regional.<\/p>\n\n\n\n<p class=\"MsoNormal\">Durante esta semana tambi\u00e9n se manifestaron por tres d\u00edas los transportistas en la regi\u00f3n del Istmo, principalmente del municipio de Juchit\u00e1n de Zaragoza, que exigen una ampliaci\u00f3n de la obra carretera que realiza CAO con destino a Uni\u00f3n Hidalgo. <\/p>\n","protected":false},"excerpt":{"rendered":"<p>Yuridiana Sosa\/Zona Roja. Oaxaca de Ju\u00e1rez, Oax., 4 de septiembre de 2020.- Transportistas de las&hellip;<\/p>\n","protected":false},"author":2,"featured_media":17190,"comment_status":"closed","ping_status":"open","sticky":false,"template":"","format":"standard","meta":{"_lmt_disableupdate":"","_lmt_disable":"","_jetpack_memberships_contains_paid_content":false,"footnotes":""},"categories":[109,47],"tags":[594],"class_list":["post-17191","post","type-post","status-publish","format-standard","has-post-thumbnail","hentry","category-minuto-a-minuto","category-zona-gris","tag-huajuapan-de-leon"],"jetpack_featured_media_url":"https:\/\/zonaroja.com.mx\/wp-content\/uploads\/2020\/09\/img_6923.jpg","jetpack_sharing_enabled":true,"_links":{"self":[{"href":"https:\/\/zonaroja.com.mx\/index.php?rest_route=\/wp\/v2\/posts\/17191","targetHints":{"allow":["GET"]}}],"collection":[{"href":"https:\/\/zonaroja.com.mx\/index.php?rest_route=\/wp\/v2\/posts"}],"about":[{"href":"https:\/\/zonaroja.com.mx\/index.php?rest_route=\/wp\/v2\/types\/post"}],"author":[{"embeddable":true,"href":"https:\/\/zonaroja.com.mx\/index.php?rest_route=\/wp\/v2\/users\/2"}],"replies":[{"embeddable":true,"href":"https:\/\/zonaroja.com.mx\/index.php?rest_route=%2Fwp%2Fv2%2Fcomments&post=17191"}],"version-history":[{"count":1,"href":"https:\/\/zonaroja.com.mx\/index.php?rest_route=\/wp\/v2\/posts\/17191\/revisions"}],"predecessor-version":[{"id":17192,"href":"https:\/\/zonaroja.com.mx\/index.php?rest_route=\/wp\/v2\/posts\/17191\/revisions\/17192"}],"wp:featuredmedia":[{"embeddable":true,"href":"https:\/\/zonaroja.com.mx\/index.php?rest_route=\/wp\/v2\/media\/17190"}],"wp:attachment":[{"href":"https:\/\/zonaroja.com.mx\/index.php?rest_route=%2Fwp%2Fv2%2Fmedia&parent=17191"}],"wp:term":[{"taxonomy":"category","embeddable":true,"href":"https:\/\/zonaroja.com.mx\/index.php?rest_route=%2Fwp%2Fv2%2Fcategories&post=17191"},{"taxonomy":"post_tag","embeddable":true,"href":"https:\/\/zonaroja.com.mx\/index.php?rest_route=%2Fwp%2Fv2%2Ftags&post=17191"}],"curies":[{"name":"wp","href":"https:\/\/api.w.org\/{rel}","templated":true}]}}