{"id":17197,"date":"2020-09-04T16:23:58","date_gmt":"2020-09-04T21:23:58","guid":{"rendered":"http:\/\/www.zonaroja.com.mx\/?p=17197"},"modified":"2020-09-04T16:27:50","modified_gmt":"2020-09-04T21:27:50","slug":"liberan-paso-en-portales-de-oaxaca-tras-protesta-de-activista-markoa-vasquez","status":"publish","type":"post","link":"https:\/\/zonaroja.com.mx\/?p=17197","title":{"rendered":"Liberan paso en portales de Oaxaca tras protestas de activista Markoa V\u00e1squez"},"content":{"rendered":"\n<p>Yuridiana Sosa\/Zona Roja.<\/p>\n\n\n\n<p>Oaxaca de Ju\u00e1rez, Oax., 4 de septiembre de 2020.- El libre tr\u00e1nsito en el hist\u00f3rico portal Las Flores y el portal Benito Ju\u00e1rez, en alrededores el z\u00f3calo de la capital de Oaxaca, fue devuelto a la ciudadan\u00eda.<\/p>\n\n\n\n<p>La herrer\u00eda, macetas, cadenas que instalaron los restauranteros con pretexto de la contingencia sanitaria por Covid-19 fue retirada luego de la protesta del pintor Markoa V\u00e1squez, realizada el pasado 27 de agosto, en el primer caso.<\/p>\n\n\n\n<p>El paso por los bajos del edificio con m\u00e1s de 200 a\u00f1os de antig\u00fcedad -s\u00edmbolo hist\u00f3rico, de convivencia social y un referente para el turismo &#8211; poco a poco se convirti\u00f3 en un espacio privado.<\/p>\n\n\n\n<p>Restauranteros, los que principalmente alberga el complejo, refieren que todo el pasillo hasta donde concluyen los arcos son propiedad privada; sin embargo, el \u00e1rea de banqueta, que es una extensi\u00f3n posterior a los arcos, tambi\u00e9n se invadi\u00f3 por mobiliario y para lo cual cuentan con permiso del ayuntamiento de Oaxaca de Ju\u00e1rez.<\/p>\n\n\n\n<figure class=\"wp-block-embed-twitter wp-block-embed is-type-rich is-provider-twitter\"><div class=\"wp-block-embed__wrapper\">\n<div class=\"twitter-tweet\"><blockquote class=\"twitter-tweet\" data-lang=\"es\"><p lang=\"es\" dir=\"ltr\">(1) Tras las protestas del activista <a href=\"https:\/\/twitter.com\/Markoa_Vasquez?ref_src=twsrc%5Etfw\">@Markoa_Vasquez<\/a>, restauranteros del portal de Las Flores de la ciudad de Oaxaca abrieron el paso de servidumbre; ahora ya se puede transitar libremente por todo el corredor. <a href=\"https:\/\/t.co\/KtXecast1t\">pic.twitter.com\/KtXecast1t<\/a><\/p>&mdash; Zona Roja Oaxaca (@MexRoja) <a href=\"https:\/\/twitter.com\/MexRoja\/status\/1301938266074222592?ref_src=twsrc%5Etfw\">4 de septiembre de 2020<\/a><\/blockquote><\/div>\n<\/div><\/figure>\n\n\n\n<p>El portal Las Flores forma parte de la historia de la Independencia de M\u00e9xico, pues en ese sitio se aloj\u00f3 el General Jos\u00e9 Mar\u00eda Morelos y Pav\u00f3n, durante su estancia redact\u00f3 el documento \u201cSentimientos de la Naci\u00f3n\u201d.<\/p>\n\n\n\n<p>Con orgullo, los oaxaque\u00f1os presumen la placa instalada en el portal en su colindancia con la esquina de Valerio Trujano frente al templo de la Compa\u00f1\u00eda de Jes\u00fas.<\/p>\n\n\n\n<p>\u201cJos\u00e9 Mar\u00eda Morelos y Pav\u00f3n se aloj\u00f3 en esta casa del 28 de noviembre de 1812 al 9 de febrero de 1813. Redact\u00f3 \u2018Sentimientos de la Naci\u00f3n\u2019, le\u00eddo por el general\u00edsimo el 14 de septiembre de 1813, apertura del Congreso de en Chilpancingo\u201d, se lee.<\/p>\n\n\n\n<p>Este complejo, inmueble catalogado, fue conocido en sus inicios como del Se\u00f1or. En este punto eran comunes las reuniones de personas destacadas entre la sociedad.<\/p>\n\n\n\n<p>De los m\u00e1s antiguos establecimientos a\u00fan se localiza la tienda de abarrotes la \u201cLonja\u201d, as\u00ed como el restaurante bar \u201cDel Jard\u00edn\u201d, mismo que es uno de los principales lugares que cerraron el paso al p\u00fablico semanas atr\u00e1s.<\/p>\n\n\n\n<p>Con el uso de herrer\u00eda, macetas o macetones, privaron el per\u00edmetro del establecimiento, abarcando la banqueta, como medida de \u201csana distancia\u201d, justificaron, a pesar que lo implementaron desde a\u00f1os antes.<\/p>\n\n\n\n<p>Este viernes el pasillo por debajo de los portales fue reabierto en su totalidad al p\u00fablico, como es habitualmente. Sin macetas ni cuerdas o herrer\u00eda que obstruyan el paso.<\/p>\n\n\n\n<figure class=\"wp-block-embed-twitter wp-block-embed is-type-rich is-provider-twitter\"><div class=\"wp-block-embed__wrapper\">\n<div class=\"twitter-tweet\"><blockquote class=\"twitter-tweet\" data-lang=\"es\"><p lang=\"es\" dir=\"ltr\">(2) Tambi\u00e9n en el llamado paso de servidumbre del portal Benito Ju\u00e1rez -conocido como de Mercaderes- del Centro Hist\u00f3rico de Oaxaca fueron retirados los obst\u00e1culos, luego de las protestas de ayer del pintor <a href=\"https:\/\/twitter.com\/Markoa_Vasquez?ref_src=twsrc%5Etfw\">@Markoa_Vasquez<\/a>; <a href=\"https:\/\/t.co\/CaSABck4DR\">pic.twitter.com\/CaSABck4DR<\/a><\/p>&mdash; Zona Roja Oaxaca (@MexRoja) <a href=\"https:\/\/twitter.com\/MexRoja\/status\/1301990800885194752?ref_src=twsrc%5Etfw\">4 de septiembre de 2020<\/a><\/blockquote><\/div>\n<\/div><\/figure>\n\n\n\n<p>SEGUNDA PROTESTA<\/p>\n\n\n\n<p>Ayer jueves, en su segunda jornada de protesta contra la invasi\u00f3n de espacios p\u00fablicos, el activista Markoa V\u00e1squez se encar\u00f3 con propietarios restauranteros del portal Benito Ju\u00e1rez &#8211;tambi\u00e9n conocido como de Mercaderes&#8211;, quienes evitaron el retiro de mesas del \u00e1rea de banqueta.<\/p>\n\n\n\n<p>El empresario del restaurante Terranova, Mario Rodr\u00edguez, indic\u00f3 que desde 1993 cuenta con documentos por parte del gobierno de Oaxaca de Ju\u00e1rez que respaldan el permiso para ofrecer el paso de servidumbre por el interior del portal y poder extender su zona de restaurante sobre la banqueta.<\/p>\n\n\n\n<p>La historia cuenta que este antiguo portal tambi\u00e9n se le conoci\u00f3 como portal de Qui\u00f1ones y portal de Estrella, que alojaba a los comercios m\u00e1s importantes, entre ellos el cine \u201cSal\u00f3n Venecia\u201d y el palacio de telas \u201cEl Importador\u201d, que hasta la fecha permanece.<\/p>\n\n\n\n<p>En esta \u00faltima protesta, los reclamos fueron airados por parte de propietarios de los restaurantes \u201cTerranova\u201d y \u201cAndr\u00e9\u201d, discusiones y acusaciones mutuas que estuvieron a punto de llegar a los golpes.<\/p>\n\n\n\n<p>Este viernes, finalmente tambi\u00e9n qued\u00f3 libre el paso de personas por el interior del portal de extremo a extremo, de la calle de Guerrero a la avenida Hidalgo; los restauranteros retiraron las mesas y los obst\u00e1culos respectivos.<\/p>\n","protected":false},"excerpt":{"rendered":"<p>Yuridiana Sosa\/Zona Roja. Oaxaca de Ju\u00e1rez, Oax., 4 de septiembre de 2020.- El libre tr\u00e1nsito&hellip;<\/p>\n","protected":false},"author":2,"featured_media":17198,"comment_status":"closed","ping_status":"open","sticky":false,"template":"","format":"standard","meta":{"_lmt_disableupdate":"","_lmt_disable":"","_jetpack_memberships_contains_paid_content":false,"footnotes":""},"categories":[109,46],"tags":[1985],"class_list":["post-17197","post","type-post","status-publish","format-standard","has-post-thumbnail","hentry","category-minuto-a-minuto","category-zona-blanca","tag-portales-zocalo-oaxaca"],"jetpack_featured_media_url":"https:\/\/zonaroja.com.mx\/wp-content\/uploads\/2020\/09\/Portal-de-Las-Flores-Oaxaca.png","jetpack_sharing_enabled":true,"_links":{"self":[{"href":"https:\/\/zonaroja.com.mx\/index.php?rest_route=\/wp\/v2\/posts\/17197","targetHints":{"allow":["GET"]}}],"collection":[{"href":"https:\/\/zonaroja.com.mx\/index.php?rest_route=\/wp\/v2\/posts"}],"about":[{"href":"https:\/\/zonaroja.com.mx\/index.php?rest_route=\/wp\/v2\/types\/post"}],"author":[{"embeddable":true,"href":"https:\/\/zonaroja.com.mx\/index.php?rest_route=\/wp\/v2\/users\/2"}],"replies":[{"embeddable":true,"href":"https:\/\/zonaroja.com.mx\/index.php?rest_route=%2Fwp%2Fv2%2Fcomments&post=17197"}],"version-history":[{"count":3,"href":"https:\/\/zonaroja.com.mx\/index.php?rest_route=\/wp\/v2\/posts\/17197\/revisions"}],"predecessor-version":[{"id":17201,"href":"https:\/\/zonaroja.com.mx\/index.php?rest_route=\/wp\/v2\/posts\/17197\/revisions\/17201"}],"wp:featuredmedia":[{"embeddable":true,"href":"https:\/\/zonaroja.com.mx\/index.php?rest_route=\/wp\/v2\/media\/17198"}],"wp:attachment":[{"href":"https:\/\/zonaroja.com.mx\/index.php?rest_route=%2Fwp%2Fv2%2Fmedia&parent=17197"}],"wp:term":[{"taxonomy":"category","embeddable":true,"href":"https:\/\/zonaroja.com.mx\/index.php?rest_route=%2Fwp%2Fv2%2Fcategories&post=17197"},{"taxonomy":"post_tag","embeddable":true,"href":"https:\/\/zonaroja.com.mx\/index.php?rest_route=%2Fwp%2Fv2%2Ftags&post=17197"}],"curies":[{"name":"wp","href":"https:\/\/api.w.org\/{rel}","templated":true}]}}