{"id":17202,"date":"2020-09-04T18:42:26","date_gmt":"2020-09-04T23:42:26","guid":{"rendered":"http:\/\/www.zonaroja.com.mx\/?p=17202"},"modified":"2020-09-04T18:42:30","modified_gmt":"2020-09-04T23:42:30","slug":"denuncian-a-emprendedor-oaxaqueno-por-acoso-a-menores-de-edad","status":"publish","type":"post","link":"https:\/\/zonaroja.com.mx\/?p=17202","title":{"rendered":"Denuncian a \u201cemprendedor oaxaque\u00f1o\u201d por acoso a menores de edad"},"content":{"rendered":"\n<p>Evlin Arag\u00f3n\/Zona Roja.<\/p>\n\n\n\n<p>Oaxaca de Ju\u00e1rez, Oax., 4 de septiembre de 2020.- Integrantes de los colectivos Feministas Oaxaca y Marea Verde Oaxaca, denunciaron en sus perfiles de Facebook a Osmar Gij\u00f3n Rodr\u00edguez, presidente de Club 20, Emprende MX y Causa MX, por acoso sexual en perjuicio de j\u00f3venes menores de edad en la entidad.<\/p>\n\n\n\n<p>De acuerdo con la publicaci\u00f3n que ahora se comparte de forma masiva en las redes sociales, su cercan\u00eda con las y los j\u00f3venes, al encabezar proyectos dirigidos a este sector, le ha permitido acosar sexualmente en total impunidad a mujeres, la mayor\u00eda menores de edad a quienes incluso ha amenazado con divulgar fotograf\u00edas intimas de contenido sexual.&nbsp;<\/p>\n\n\n\n<p>\u201cOSMAR ALEJANDRO GIJ\u00d3N RODR\u00cdGUEZ es un depredador de adolescentes casi ni\u00f1as, las amenaza con divulgar fotograf\u00edas de \u00edndole sexual que ellas le han compartido o el mismo les ha tomado\u201d, refieren.&nbsp;<\/p>\n\n\n\n<p>Seg\u00fan testimonios, quien fuera Premio Estatal de la Juventud 2017 en Oaxaca, utiliza su presencia y reconocimiento por encabezar alguno proyecto de j\u00f3venes para acercarse a las adolescentes a quienes les pide que lo acompa\u00f1en de viaje a destinos de playa diciendo que tiene convenios con hoteles, restaurantes y gobiernos municipales de la regi\u00f3n de la Costa.<\/p>\n\n\n\n<p>Argumentando tener contactos en la pol\u00edtica, administraci\u00f3n p\u00fablica y el gremio empresarial, intimida a las mujeres, las toca sin su consentimiento y amenaza con difundir informaci\u00f3n que da\u00f1e su imagen en caso de no aceptar sus proposiciones de car\u00e1cter sexual, tal y como lo refiri\u00f3 Janet Mart\u00ednez, quien decidi\u00f3 hacer p\u00fablico su testimonio.&nbsp;&nbsp;<\/p>\n\n\n\n<p>\u201cEsta vez me toc\u00f3 vivirlo y tras d\u00edas de pensarlo tom\u00e9 la decisi\u00f3n de alzar la voz y no ser parte del problema. Me pidi\u00f3 que me fuera con \u00e9l a Huatulco para conocerme m\u00e1s a fondo y para que presenciara unas conferencias de emprendimiento, pero con la condici\u00f3n de que me tendr\u00eda que acostar con \u00e9l\u201d, manifiesta la joven en su publicaci\u00f3n.&nbsp;<\/p>\n\n\n\n<p>As\u00ed mismo refiere, que Gij\u00f3n Rodr\u00edguez la bes\u00f3 y la toc\u00f3 sin su consentimiento durante la primera reuni\u00f3n que sostuvo con el sujeto, con quien previamente hab\u00eda platicado de cosas exclusivamente laborales y de emprendimiento que le hab\u00edan interesado a la joven en un primer momento.&nbsp;<\/p>\n\n\n\n<p>\u201cMe empez\u00f3 a besar cuando me descuid\u00e9; me lastim\u00f3 el cuello y mientras lo quitaba de m\u00ed, sin mi consentimiento toc\u00f3 mi pecho. Me dijo que no lo pensara y le diera un beso, y que, si ced\u00eda, \u00e9l me iba a dar el cargo que yo quisiera en Emprende MX\u201d.<\/p>\n\n\n\n<p>La denuncia de la joven ha sido compartida en m\u00e1s de mil ocasiones y algunos comentarios refieren que no es la primera vez que Osmar se comporta de esta forma, refieren un modus operandi con decenas de mujeres, por lo que respaldaron el testimonio.&nbsp;<\/p>\n\n\n\n<p>Los colectivos feministas pidieron a las instituciones p\u00fablicas, como el Instituto Estatal Electoral y de Participaci\u00f3n Ciudadana y la Corporaci\u00f3n Oaxaque\u00f1a de Radio y Televisi\u00f3n, para que no permitan que un acosador sea l\u00edder de opini\u00f3n de la juventud, toda vez que recientemente ha encabezado actividades para ambas dependencias.&nbsp;<\/p>\n\n\n\n<p>De igual forma, la diputada federal Alejandra Garc\u00eda Morlan se solidariz\u00f3 con la v\u00edctima y se deslind\u00f3 de Gij\u00f3n Rodr\u00edguez, que en el alg\u00fan momento difundi\u00f3 una foto con la legisladora y se jact\u00f3 de ser su incondicional. A la par que exhort\u00f3 a la joven a llevar la denuncia ante las instancias legales y ofreci\u00f3 como acompa\u00f1ante.&nbsp;<\/p>\n","protected":false},"excerpt":{"rendered":"<p>Evlin Arag\u00f3n\/Zona Roja. Oaxaca de Ju\u00e1rez, Oax., 4 de septiembre de 2020.- Integrantes de los&hellip;<\/p>\n","protected":false},"author":2,"featured_media":17203,"comment_status":"closed","ping_status":"open","sticky":false,"template":"","format":"standard","meta":{"_lmt_disableupdate":"","_lmt_disable":"","_jetpack_memberships_contains_paid_content":false,"footnotes":""},"categories":[109,47],"tags":[1986],"class_list":["post-17202","post","type-post","status-publish","format-standard","has-post-thumbnail","hentry","category-minuto-a-minuto","category-zona-gris","tag-osmar-gijon-rodriguez"],"jetpack_featured_media_url":"https:\/\/zonaroja.com.mx\/wp-content\/uploads\/2020\/09\/Osmar-Gijon-Rodriguez.jpg","jetpack_sharing_enabled":true,"_links":{"self":[{"href":"https:\/\/zonaroja.com.mx\/index.php?rest_route=\/wp\/v2\/posts\/17202","targetHints":{"allow":["GET"]}}],"collection":[{"href":"https:\/\/zonaroja.com.mx\/index.php?rest_route=\/wp\/v2\/posts"}],"about":[{"href":"https:\/\/zonaroja.com.mx\/index.php?rest_route=\/wp\/v2\/types\/post"}],"author":[{"embeddable":true,"href":"https:\/\/zonaroja.com.mx\/index.php?rest_route=\/wp\/v2\/users\/2"}],"replies":[{"embeddable":true,"href":"https:\/\/zonaroja.com.mx\/index.php?rest_route=%2Fwp%2Fv2%2Fcomments&post=17202"}],"version-history":[{"count":1,"href":"https:\/\/zonaroja.com.mx\/index.php?rest_route=\/wp\/v2\/posts\/17202\/revisions"}],"predecessor-version":[{"id":17204,"href":"https:\/\/zonaroja.com.mx\/index.php?rest_route=\/wp\/v2\/posts\/17202\/revisions\/17204"}],"wp:featuredmedia":[{"embeddable":true,"href":"https:\/\/zonaroja.com.mx\/index.php?rest_route=\/wp\/v2\/media\/17203"}],"wp:attachment":[{"href":"https:\/\/zonaroja.com.mx\/index.php?rest_route=%2Fwp%2Fv2%2Fmedia&parent=17202"}],"wp:term":[{"taxonomy":"category","embeddable":true,"href":"https:\/\/zonaroja.com.mx\/index.php?rest_route=%2Fwp%2Fv2%2Fcategories&post=17202"},{"taxonomy":"post_tag","embeddable":true,"href":"https:\/\/zonaroja.com.mx\/index.php?rest_route=%2Fwp%2Fv2%2Ftags&post=17202"}],"curies":[{"name":"wp","href":"https:\/\/api.w.org\/{rel}","templated":true}]}}