{"id":17205,"date":"2020-09-04T20:41:18","date_gmt":"2020-09-05T01:41:18","guid":{"rendered":"http:\/\/www.zonaroja.com.mx\/?p=17205"},"modified":"2020-09-04T20:54:03","modified_gmt":"2020-09-05T01:54:03","slug":"basta-de-corrupcion-basta-de-obras-de-mala-calidad-y-exclusion-cmic","status":"publish","type":"post","link":"https:\/\/zonaroja.com.mx\/?p=17205","title":{"rendered":"\u201c\u00a1Basta de corrupci\u00f3n, basta de obras de mala calidad y exclusi\u00f3n!\u201d: AMIC"},"content":{"rendered":"\n<p>Yuridiana Sosa\/Zona Roja.<\/p>\n\n\n\n<p>Oaxaca de Ju\u00e1rez, Oax., 4 de septiembre de 2020.- La Asociaci\u00f3n Mexicana de la Industria de la Construcci\u00f3n (AMIC), delegaci\u00f3n Oaxaca, denunci\u00f3 que el Gobierno del Estado no ha cumplido con la reactivaci\u00f3n econ\u00f3mica para las empresas locales de este sector, las cuales se encuentran sin obra p\u00fablica y en crisis.<\/p>\n\n\n\n<p>\u00abEn el pasado la infraestructura se convirti\u00f3 en una gigantesca ola de corrupci\u00f3n por los malos manejos y los malos funcionarios p\u00fablicos. Pero eso no quiere decir que todos quienes nos que dedicamos a esta actividad hallamos participado en estos actos que da\u00f1aron a nuestro pa\u00eds  y que debe ser erradicado. Que quede muy claro que nuestro sector, es la columna vertebral del desarrollo de M\u00e9xico y de nuestro Oaxaca. \u00a1Es hora de poner un alto desde ya a las obras inconclusas, abandonadas!\u00bb.  <\/p>\n\n\n\n<p>Para las empresas oaxaque\u00f1as \u201cel piso no est\u00e1 parejo\u201d, se\u00f1al\u00f3 el presidente de la AMIC en Oaxaca, Javier Ch\u00e1vez Rosales, durante la reuni\u00f3n regional con empresarios de Veracruz, Puebla, Tabasco, Guerrero y Chiapas, as\u00ed como diputados federales, para el foro sobre la \u201cImplementaci\u00f3n de una nueva ley de obra p\u00fablica y su impacto de la reactivaci\u00f3n econ\u00f3mica en el sector de la construcci\u00f3n\u201d.<\/p>\n\n\n\n<p>El representante del sector en la entidad desminti\u00f3 al gobierno estatal respecto a que el 70 por ciento de la obra p\u00fablica es ejecutada por los constructores locales, as\u00ed como beneficiarse de los tres mil 500 millones de pesos del financiamiento aprobado por el Congreso de Oaxaca para una supuesta reactivaci\u00f3n econ\u00f3mica en la entidad con diversas obras.<\/p>\n\n\n\n<figure class=\"wp-block-embed-twitter wp-block-embed is-type-rich is-provider-twitter\"><div class=\"wp-block-embed__wrapper\">\n<div class=\"twitter-tweet\"><blockquote class=\"twitter-tweet\" data-lang=\"es\"><p lang=\"es\" dir=\"ltr\">(1) Previo a la inauguraci\u00f3n de la Reuni\u00f3n Regional de la <a href=\"https:\/\/twitter.com\/AmicOaxaca1?ref_src=twsrc%5Etfw\">@AmicOaxaca1<\/a> en Oaxaca, el presidente del organismo, <a href=\"https:\/\/twitter.com\/JavierChavezRos?ref_src=twsrc%5Etfw\">@JavierChavezRos<\/a>, lament\u00f3 que el gobierno estatal siga privilegiando a las empresas for\u00e1neas en el otorgamiento de la obra p\u00fablica. <a href=\"https:\/\/t.co\/SwcNAOy0zt\">pic.twitter.com\/SwcNAOy0zt<\/a><\/p>&mdash; Zona Roja Oaxaca (@MexRoja) <a href=\"https:\/\/twitter.com\/MexRoja\/status\/1302025669417861125?ref_src=twsrc%5Etfw\">4 de septiembre de 2020<\/a><\/blockquote><\/div>\n<\/div><\/figure>\n\n\n\n<p>Pues, aclar\u00f3, de unas 100 participaciones en licitaciones p\u00fablicas por parte de la AMIC, ninguna obra se les ha asignado, adem\u00e1s que durante estos concursos piden fondos de hasta 50 millones de pesos y realizan cambios durante los procesos, lo cual deja en desventaja las micro, peque\u00f1as y medianas empresas de Oaxaca.<\/p>\n\n\n\n<p>\u201cEste sector est\u00e1 en crisis\u2026como sector vamos a buscar que estas denuncias se realicen de forma correcta y conforme al marco jur\u00eddico\u201d, se\u00f1al\u00f3 el l\u00edder empresarial respecto a lo que consideran una mala implementaci\u00f3n del dinero y de procesos de licitaci\u00f3n.<\/p>\n\n\n\n<p>Durante la presentaci\u00f3n de la reuni\u00f3n, Ch\u00e1vez Rosales puntualiz\u00f3 que una correcta modificaci\u00f3n a la ley de obra p\u00fablica permitir\u00e1 alcanzar una reactivaci\u00f3n econ\u00f3mica y mejores niveles de crecimiento a corto plazo, as\u00ed como debe garantizar la competitividad con reglas claras, piso parejo y la inclusi\u00f3n desde las micro empresas constructoras.<\/p>\n\n\n\n<figure class=\"wp-block-embed-twitter wp-block-embed is-type-rich is-provider-twitter\"><div class=\"wp-block-embed__wrapper\">\n<div class=\"twitter-tweet\"><blockquote class=\"twitter-tweet\" data-lang=\"es\"><p lang=\"es\" dir=\"ltr\">(2) Tras la conferencia de prensa, en un hotel de la ciudad de Oaxaca se llev\u00f3 a cabo la reuni\u00f3n regional de la <a href=\"https:\/\/twitter.com\/AmicOaxaca1?ref_src=twsrc%5Etfw\">@AmicOaxaca1<\/a>, con la presencia de representantes de Puebla, Veracruz, Chiapas y San Luis Potos\u00ed, as\u00ed como varios diputados federales. <a href=\"https:\/\/t.co\/2KpP36htcd\">pic.twitter.com\/2KpP36htcd<\/a><\/p>&mdash; Zona Roja Oaxaca (@MexRoja) <a href=\"https:\/\/twitter.com\/MexRoja\/status\/1302028151585939456?ref_src=twsrc%5Etfw\">4 de septiembre de 2020<\/a><\/blockquote><\/div>\n<\/div><\/figure>\n\n\n\n<p>De aprobarse, se debe homologar en los estados, pero en el caso de Oaxaca, llam\u00f3 al jefe del Poder Ejecutivo a realizar la publicaci\u00f3n correspondiente y evitar que ocurra lo mismo que con el reglamento de la Ley de Obras P\u00fablicas y Servicios Relacionados que desde su promulgaci\u00f3n en 2001, no se ha expedido.<\/p>\n\n\n\n<p>Ch\u00e1vez Rosales dijo que ese tipo de vac\u00edos legales permite una serie de vicios en el sector de la construcci\u00f3n que va en perjuicio de las empresas locales.<\/p>\n\n\n\n<p>Previo a la reuni\u00f3n de trabajo, efectuada en un hotel del centro de la capital oaxaque\u00f1a, se ofreci\u00f3 una conferencia de prensa, en que legisladores federales, como Irma Juan Carlos y Martha Olivia Garc\u00eda Vida\u00f1o, as\u00ed como representantes de Tabasco, Puebla, Veracruz, Guerrero y Chiapas, coincidieron en la necesidad de la reactivaci\u00f3n econ\u00f3mica, la actualizaci\u00f3n de leyes en materia de construcci\u00f3n y el combate a la corrupci\u00f3n.<\/p>\n\n\n\n<figure class=\"wp-block-embed-twitter wp-block-embed is-type-rich is-provider-twitter\"><div class=\"wp-block-embed__wrapper\">\n<div class=\"twitter-tweet\"><blockquote class=\"twitter-tweet\" data-lang=\"es\"><p lang=\"es\" dir=\"ltr\">(3) En su mensaje inaugural de la reuni\u00f3n regional, el presidente de la <a href=\"https:\/\/twitter.com\/AmicOaxaca1?ref_src=twsrc%5Etfw\">@AmicOaxaca1<\/a>, <a href=\"https:\/\/twitter.com\/JavierChavezRos?ref_src=twsrc%5Etfw\">@JavierChavezRos<\/a>, dijo que se debe contar con una ley actualizada en materia de construcci\u00f3n; adem\u00e1s, expuso que se deben erradicar los actos de corrupci\u00f3n en el sector y poner un alto a ello. <a href=\"https:\/\/t.co\/HSrHYD86FH\">pic.twitter.com\/HSrHYD86FH<\/a><\/p>&mdash; Zona Roja Oaxaca (@MexRoja) <a href=\"https:\/\/twitter.com\/MexRoja\/status\/1302030286956441605?ref_src=twsrc%5Etfw\">4 de septiembre de 2020<\/a><\/blockquote><\/div>\n<\/div><\/figure>\n","protected":false},"excerpt":{"rendered":"<p>Yuridiana Sosa\/Zona Roja. Oaxaca de Ju\u00e1rez, Oax., 4 de septiembre de 2020.- La Asociaci\u00f3n Mexicana&hellip;<\/p>\n","protected":false},"author":2,"featured_media":17206,"comment_status":"closed","ping_status":"open","sticky":false,"template":"","format":"standard","meta":{"_lmt_disableupdate":"","_lmt_disable":"","_jetpack_memberships_contains_paid_content":false,"footnotes":""},"categories":[109,46],"tags":[],"class_list":["post-17205","post","type-post","status-publish","format-standard","has-post-thumbnail","hentry","category-minuto-a-minuto","category-zona-blanca"],"jetpack_featured_media_url":"https:\/\/zonaroja.com.mx\/wp-content\/uploads\/2020\/09\/AMIC-Oaxaca.png","jetpack_sharing_enabled":true,"_links":{"self":[{"href":"https:\/\/zonaroja.com.mx\/index.php?rest_route=\/wp\/v2\/posts\/17205","targetHints":{"allow":["GET"]}}],"collection":[{"href":"https:\/\/zonaroja.com.mx\/index.php?rest_route=\/wp\/v2\/posts"}],"about":[{"href":"https:\/\/zonaroja.com.mx\/index.php?rest_route=\/wp\/v2\/types\/post"}],"author":[{"embeddable":true,"href":"https:\/\/zonaroja.com.mx\/index.php?rest_route=\/wp\/v2\/users\/2"}],"replies":[{"embeddable":true,"href":"https:\/\/zonaroja.com.mx\/index.php?rest_route=%2Fwp%2Fv2%2Fcomments&post=17205"}],"version-history":[{"count":2,"href":"https:\/\/zonaroja.com.mx\/index.php?rest_route=\/wp\/v2\/posts\/17205\/revisions"}],"predecessor-version":[{"id":17208,"href":"https:\/\/zonaroja.com.mx\/index.php?rest_route=\/wp\/v2\/posts\/17205\/revisions\/17208"}],"wp:featuredmedia":[{"embeddable":true,"href":"https:\/\/zonaroja.com.mx\/index.php?rest_route=\/wp\/v2\/media\/17206"}],"wp:attachment":[{"href":"https:\/\/zonaroja.com.mx\/index.php?rest_route=%2Fwp%2Fv2%2Fmedia&parent=17205"}],"wp:term":[{"taxonomy":"category","embeddable":true,"href":"https:\/\/zonaroja.com.mx\/index.php?rest_route=%2Fwp%2Fv2%2Fcategories&post=17205"},{"taxonomy":"post_tag","embeddable":true,"href":"https:\/\/zonaroja.com.mx\/index.php?rest_route=%2Fwp%2Fv2%2Ftags&post=17205"}],"curies":[{"name":"wp","href":"https:\/\/api.w.org\/{rel}","templated":true}]}}