{"id":17209,"date":"2020-09-04T21:36:58","date_gmt":"2020-09-05T02:36:58","guid":{"rendered":"http:\/\/www.zonaroja.com.mx\/?p=17209"},"modified":"2020-09-04T21:44:18","modified_gmt":"2020-09-05T02:44:18","slug":"danan-lluvias-mas-de-50-viviendas-en-valle-nacional-oaxaca","status":"publish","type":"post","link":"https:\/\/zonaroja.com.mx\/?p=17209","title":{"rendered":"Da\u00f1an lluvias m\u00e1s de 50 viviendas en Valle Nacional, Oaxaca"},"content":{"rendered":"\n<p>Redacci\u00f3n\/Zona Roja.<\/p>\n\n\n\n<p>Oaxaca de Ju\u00e1rez, Oax., 4 de septiembre de 2020.- Las intensas lluvias causadas por remanentes de la Depresi\u00f3n Tropical \u201cNana\u201d causaron desbordamientos de r\u00edos y da\u00f1os en m\u00e1s de 50 viviendas en el municipio de San Juan Bautista Valle Nacional, Oaxaca.<\/p>\n\n\n\n<p>El Gobierno del Estado, a trav\u00e9s de la Coordinaci\u00f3n Estatal de Protecci\u00f3n Civil de Oaxaca (CEPCO), dio a conocer que activ\u00f3 junto con las autoridades municipales los protocolos respectivos por las afectaciones.<\/p>\n\n\n\n<p>En un comunicado, indic\u00f3 que se presentan inundaciones pluviales y fluviales en la cabecera municipal de este municipio de la Cuenca del Papaloapan, en particular en las colonias San Juan Bautista, Emiliano Zapata, Chinanteca, La Piedra y Playa Bruja, donde han resultados afectadas 16 viviendas.<\/p>\n\n\n\n<p>Los da\u00f1os por el desbordamiento de los arroyos de respuesta r\u00e1pida \u201cBanco\u201d y \u201cColorado\u201d, han repercutido tambi\u00e9n en las poblaciones de Arroyo de Banco, Valle Nacional, Arroyo Colorado, Tres Mar\u00edas y Cerro Mar\u00edn, donde se reportan 38 viviendas da\u00f1adas.<\/p>\n\n\n\n<p>Expuso que para atender esta emergencia, se han activado dos refugios temporales, uno en el centro de la poblaci\u00f3n y otro en Cerro Mar\u00edn. De manera coordinada, elementos del Ej\u00e9rcito Mexicano se han desplazado de Tuxtepec a la zona afectada, para apoyar los trabajos que se realizan.<\/p>\n","protected":false},"excerpt":{"rendered":"<p>Redacci\u00f3n\/Zona Roja. Oaxaca de Ju\u00e1rez, Oax., 4 de septiembre de 2020.- Las intensas lluvias causadas&hellip;<\/p>\n","protected":false},"author":2,"featured_media":17210,"comment_status":"closed","ping_status":"open","sticky":false,"template":"","format":"standard","meta":{"_lmt_disableupdate":"","_lmt_disable":"","_jetpack_memberships_contains_paid_content":false,"footnotes":""},"categories":[109,47],"tags":[1824],"class_list":["post-17209","post","type-post","status-publish","format-standard","has-post-thumbnail","hentry","category-minuto-a-minuto","category-zona-gris","tag-san-juan-bautista-valle-nacional"],"jetpack_featured_media_url":"https:\/\/zonaroja.com.mx\/wp-content\/uploads\/2020\/09\/Lluvias-Valle-Nacional.jpg","jetpack_sharing_enabled":true,"_links":{"self":[{"href":"https:\/\/zonaroja.com.mx\/index.php?rest_route=\/wp\/v2\/posts\/17209","targetHints":{"allow":["GET"]}}],"collection":[{"href":"https:\/\/zonaroja.com.mx\/index.php?rest_route=\/wp\/v2\/posts"}],"about":[{"href":"https:\/\/zonaroja.com.mx\/index.php?rest_route=\/wp\/v2\/types\/post"}],"author":[{"embeddable":true,"href":"https:\/\/zonaroja.com.mx\/index.php?rest_route=\/wp\/v2\/users\/2"}],"replies":[{"embeddable":true,"href":"https:\/\/zonaroja.com.mx\/index.php?rest_route=%2Fwp%2Fv2%2Fcomments&post=17209"}],"version-history":[{"count":2,"href":"https:\/\/zonaroja.com.mx\/index.php?rest_route=\/wp\/v2\/posts\/17209\/revisions"}],"predecessor-version":[{"id":17215,"href":"https:\/\/zonaroja.com.mx\/index.php?rest_route=\/wp\/v2\/posts\/17209\/revisions\/17215"}],"wp:featuredmedia":[{"embeddable":true,"href":"https:\/\/zonaroja.com.mx\/index.php?rest_route=\/wp\/v2\/media\/17210"}],"wp:attachment":[{"href":"https:\/\/zonaroja.com.mx\/index.php?rest_route=%2Fwp%2Fv2%2Fmedia&parent=17209"}],"wp:term":[{"taxonomy":"category","embeddable":true,"href":"https:\/\/zonaroja.com.mx\/index.php?rest_route=%2Fwp%2Fv2%2Fcategories&post=17209"},{"taxonomy":"post_tag","embeddable":true,"href":"https:\/\/zonaroja.com.mx\/index.php?rest_route=%2Fwp%2Fv2%2Ftags&post=17209"}],"curies":[{"name":"wp","href":"https:\/\/api.w.org\/{rel}","templated":true}]}}