{"id":1721,"date":"2019-06-20T16:30:53","date_gmt":"2019-06-20T21:30:53","guid":{"rendered":"http:\/\/www.zonaroja.com.mx\/?p=1721"},"modified":"2019-06-20T16:30:55","modified_gmt":"2019-06-20T21:30:55","slug":"otra-de-la-fiscalia-colegio-de-medicos-denuncia-impunidad-y-falta-de-justicia","status":"publish","type":"post","link":"https:\/\/zonaroja.com.mx\/?p=1721","title":{"rendered":"Otra de la Fiscal\u00eda: Colegio de M\u00e9dicos denuncia impunidad y falta de justicia"},"content":{"rendered":"\n<p>Redacci\u00f3n<\/p>\n\n\n\n<p>Oaxaca de Ju\u00e1rez,\nOax., 20 de junio de 2019.- El Colegio M\u00e9dico \u201cDr. Aurelio Valdivieso\u201d exigi\u00f3 a\nlas autoridades de seguridad y procuraci\u00f3n de justicia del gobierno de Oaxaca,\nacciones contundentes para detener y sancionar a los responsables de las\nagresiones y desapariciones de integrantes del gremio.<\/p>\n\n\n\n<p>Sin detallar\nel n\u00famero de casos que tienen registrados, los 28 colegios y asociaciones m\u00e9dicas\nque lo conforman, demandaron la comparecencia de los titulares de la Secretar\u00eda\nde Seguridad P\u00fablica y la Fiscal\u00eda General de Justicia, Jos\u00e9 Raymundo Tu\u00f1\u00f3n y\nRub\u00e9n Vasconcelos M\u00e9ndez, para dar cuentas de las detenciones y avances en las\ninvestigaciones.<\/p>\n\n\n\n<p>De igual\nforma pidieron la aplicaci\u00f3n de protocolos de seguridad necesarias que permitan\nal personal medic\u00f3 y trabajadores al servicio de la salud otorgar la atenci\u00f3n a\nla poblaci\u00f3n oaxaque\u00f1a sin ning\u00fan tipo de riesgo.<\/p>\n\n\n\n<p>Se\nsolidarizaron con las familias de sus compa\u00f1eros m\u00e9dicos desaparecidos y\nprotestaron ante el creciente clima de inseguridad que vive la entidad y la\nafectaci\u00f3n al gremio m\u00e9dico.<\/p>\n\n\n\n<p>El pasado 3\nde junio, familiares del doctor Iv\u00e1n Ram\u00edrez, propietario del Centro M\u00e9dico\nHidalgo, ubicado en el municipio de Tlaxiaco, denunciaron a trav\u00e9s de las redes\nsocial su desaparici\u00f3n y fue hasta 15 d\u00edas despu\u00e9s que por el mismo medio se\ndio a conocer su localizaci\u00f3n.<\/p>\n\n\n\n<p>Mientras que\nel caso que mayor conmoci\u00f3n caus\u00f3 en el gremio m\u00e9dico fue la desaparici\u00f3n del\noftalm\u00f3logo Gerardo Demi\u00e1n Acevedo Cabrera, en octubre del a\u00f1o pasado, cuyo\ncuerpo fue localizado sin vida en inmediaciones de la s\u00faper carretera 135 de\nOaxaca a la altura del puente Otates, en el paraje \u201cEl Rodeo\u201d, en Tepelmeme de\nMorelos.&nbsp; <\/p>\n","protected":false},"excerpt":{"rendered":"<p>Redacci\u00f3n Oaxaca de Ju\u00e1rez, Oax., 20 de junio de 2019.- El Colegio M\u00e9dico \u201cDr. Aurelio&hellip;<\/p>\n","protected":false},"author":2,"featured_media":1722,"comment_status":"closed","ping_status":"open","sticky":false,"template":"","format":"standard","meta":{"_lmt_disableupdate":"","_lmt_disable":"","_jetpack_memberships_contains_paid_content":false,"footnotes":""},"categories":[109,51],"tags":[165,91,58],"class_list":["post-1721","post","type-post","status-publish","format-standard","has-post-thumbnail","hentry","category-minuto-a-minuto","category-zona-roja","tag-colegio-medico-de-oaxaca","tag-impunidad","tag-oaxaca"],"jetpack_featured_media_url":"https:\/\/zonaroja.com.mx\/wp-content\/uploads\/2019\/06\/Colegio-M\u00e9xdico-Oaxaca.jpg","jetpack_sharing_enabled":true,"_links":{"self":[{"href":"https:\/\/zonaroja.com.mx\/index.php?rest_route=\/wp\/v2\/posts\/1721","targetHints":{"allow":["GET"]}}],"collection":[{"href":"https:\/\/zonaroja.com.mx\/index.php?rest_route=\/wp\/v2\/posts"}],"about":[{"href":"https:\/\/zonaroja.com.mx\/index.php?rest_route=\/wp\/v2\/types\/post"}],"author":[{"embeddable":true,"href":"https:\/\/zonaroja.com.mx\/index.php?rest_route=\/wp\/v2\/users\/2"}],"replies":[{"embeddable":true,"href":"https:\/\/zonaroja.com.mx\/index.php?rest_route=%2Fwp%2Fv2%2Fcomments&post=1721"}],"version-history":[{"count":1,"href":"https:\/\/zonaroja.com.mx\/index.php?rest_route=\/wp\/v2\/posts\/1721\/revisions"}],"predecessor-version":[{"id":1723,"href":"https:\/\/zonaroja.com.mx\/index.php?rest_route=\/wp\/v2\/posts\/1721\/revisions\/1723"}],"wp:featuredmedia":[{"embeddable":true,"href":"https:\/\/zonaroja.com.mx\/index.php?rest_route=\/wp\/v2\/media\/1722"}],"wp:attachment":[{"href":"https:\/\/zonaroja.com.mx\/index.php?rest_route=%2Fwp%2Fv2%2Fmedia&parent=1721"}],"wp:term":[{"taxonomy":"category","embeddable":true,"href":"https:\/\/zonaroja.com.mx\/index.php?rest_route=%2Fwp%2Fv2%2Fcategories&post=1721"},{"taxonomy":"post_tag","embeddable":true,"href":"https:\/\/zonaroja.com.mx\/index.php?rest_route=%2Fwp%2Fv2%2Ftags&post=1721"}],"curies":[{"name":"wp","href":"https:\/\/api.w.org\/{rel}","templated":true}]}}