{"id":17216,"date":"2020-09-05T07:36:59","date_gmt":"2020-09-05T12:36:59","guid":{"rendered":"http:\/\/www.zonaroja.com.mx\/?p=17216"},"modified":"2020-09-05T09:48:00","modified_gmt":"2020-09-05T14:48:00","slug":"ejecutan-a-balazos-a-taxista-y-ocupante-en-la-ciudad-de-oaxaca","status":"publish","type":"post","link":"https:\/\/zonaroja.com.mx\/?p=17216","title":{"rendered":"Ejecutan a balazos a taxista y ocupante en la ciudad de Oaxaca"},"content":{"rendered":"\n<p>Ismael Garc\u00eda M.\/Zona Roja.<\/p>\n\n\n\n<p>Oaxaca de Ju\u00e1rez, Oax., 5 de septiembre de 2020.- Dos personas, una de ellas el chofer, fueron ejecutadas a balazos en los primeros minutos de este s\u00e1bado en la ciudad de Oaxaca.<\/p>\n\n\n\n<p>Seg\u00fan informes preliminares, los hechos ocurrieron aproximadamente a las 00:25 horas sobre la calzada Madero, casi frente al centro comercial Chedraui, cuando dos sujetos a bordo de una motocicleta dieron alcance al taxi for\u00e1neo del sitio \u201cCopabitoo\u201d A. C., de la Villa de Zaachila, con n\u00famero econ\u00f3mico 07-268.<\/p>\n\n\n\n<p>De inmediato dieron alcance a la unidad y dispararon contra los ocupantes; el chofer qued\u00f3 en el interior del veh\u00edculo mientras que el copiloto intent\u00f3 escapar y qued\u00f3 en el pavimento.<\/p>\n\n\n\n<figure class=\"wp-block-embed-twitter wp-block-embed is-type-rich is-provider-twitter\"><div class=\"wp-block-embed__wrapper\">\n<div class=\"twitter-tweet\"><blockquote class=\"twitter-tweet\" data-lang=\"es\"><p lang=\"es\" dir=\"ltr\"><a href=\"https:\/\/twitter.com\/hashtag\/%C3%9AltimaHora?src=hash&amp;ref_src=twsrc%5Etfw\">#\u00daltimaHora<\/a> <br>Alarmante la inseguridad en la capital de <a href=\"https:\/\/twitter.com\/hashtag\/Oaxaca?src=hash&amp;ref_src=twsrc%5Etfw\">#Oaxaca<\/a>; en la calzada Madero, en los primeros minutos de este s\u00e1bado fueron <a href=\"https:\/\/twitter.com\/hashtag\/ejecutados?src=hash&amp;ref_src=twsrc%5Etfw\">#ejecutados<\/a> dos individuos en un taxi del sitio \u201cCopabitoo\u201d de la Villa de Zaachila; nula vigilancia del <a href=\"https:\/\/twitter.com\/MunicipioOaxaca?ref_src=twsrc%5Etfw\">@MunicipioOaxaca<\/a> <a href=\"https:\/\/twitter.com\/oswaldogarciaj?ref_src=twsrc%5Etfw\">@oswaldogarciaj<\/a>. <a href=\"https:\/\/t.co\/tMlmll4bxA\">pic.twitter.com\/tMlmll4bxA<\/a><\/p>&mdash; Zona Roja Oaxaca (@MexRoja) <a href=\"https:\/\/twitter.com\/MexRoja\/status\/1302193886148915200?ref_src=twsrc%5Etfw\">5 de septiembre de 2020<\/a><\/blockquote><\/div>\n<\/div><\/figure>\n\n\n\n<p>Tras ello iniciaron las diligencias por parte de la Fiscal\u00eda General del Estado de Oaxaca; hasta el momento no se ha revelado la identidad de las v\u00edctimas ni se tienen datos de los autores del doble homicidio.<\/p>\n\n\n\n<p>BALEAN AUTO DE REGIDOR<\/p>\n\n\n\n<p>Por otra parte, en el municipio de Ciudad Ixtepec, en la regi\u00f3n del Istmo de Tehuantepec, un veh\u00edculo marca Honda y sin placas de circulaci\u00f3n fue baleado.<\/p>\n\n\n\n<p>Los hechos sucedieron la tarde de ayer en la calle Morelos esquina con Cuahut\u00e9moc de la colonia Centro Norte.<\/p>\n\n\n\n<p>Se presume que la unidad de motos es de Julio Hern\u00e1ndez Garc\u00eda, regidor de Obras P\u00fablicas del ayuntamiento; no hubo personas lesionadas.<\/p>\n","protected":false},"excerpt":{"rendered":"<p>Ismael Garc\u00eda M.\/Zona Roja. Oaxaca de Ju\u00e1rez, Oax., 5 de septiembre de 2020.- Dos personas,&hellip;<\/p>\n","protected":false},"author":2,"featured_media":17217,"comment_status":"closed","ping_status":"open","sticky":false,"template":"","format":"standard","meta":{"_lmt_disableupdate":"","_lmt_disable":"","_jetpack_memberships_contains_paid_content":false,"footnotes":""},"categories":[109,51],"tags":[148],"class_list":["post-17216","post","type-post","status-publish","format-standard","has-post-thumbnail","hentry","category-minuto-a-minuto","category-zona-roja","tag-oaxaca-de-juarez"],"jetpack_featured_media_url":"https:\/\/zonaroja.com.mx\/wp-content\/uploads\/2020\/09\/Ejecutados-taxi-ciudad-de-Oaxaca-1.jpg","jetpack_sharing_enabled":true,"_links":{"self":[{"href":"https:\/\/zonaroja.com.mx\/index.php?rest_route=\/wp\/v2\/posts\/17216","targetHints":{"allow":["GET"]}}],"collection":[{"href":"https:\/\/zonaroja.com.mx\/index.php?rest_route=\/wp\/v2\/posts"}],"about":[{"href":"https:\/\/zonaroja.com.mx\/index.php?rest_route=\/wp\/v2\/types\/post"}],"author":[{"embeddable":true,"href":"https:\/\/zonaroja.com.mx\/index.php?rest_route=\/wp\/v2\/users\/2"}],"replies":[{"embeddable":true,"href":"https:\/\/zonaroja.com.mx\/index.php?rest_route=%2Fwp%2Fv2%2Fcomments&post=17216"}],"version-history":[{"count":2,"href":"https:\/\/zonaroja.com.mx\/index.php?rest_route=\/wp\/v2\/posts\/17216\/revisions"}],"predecessor-version":[{"id":17228,"href":"https:\/\/zonaroja.com.mx\/index.php?rest_route=\/wp\/v2\/posts\/17216\/revisions\/17228"}],"wp:featuredmedia":[{"embeddable":true,"href":"https:\/\/zonaroja.com.mx\/index.php?rest_route=\/wp\/v2\/media\/17217"}],"wp:attachment":[{"href":"https:\/\/zonaroja.com.mx\/index.php?rest_route=%2Fwp%2Fv2%2Fmedia&parent=17216"}],"wp:term":[{"taxonomy":"category","embeddable":true,"href":"https:\/\/zonaroja.com.mx\/index.php?rest_route=%2Fwp%2Fv2%2Fcategories&post=17216"},{"taxonomy":"post_tag","embeddable":true,"href":"https:\/\/zonaroja.com.mx\/index.php?rest_route=%2Fwp%2Fv2%2Ftags&post=17216"}],"curies":[{"name":"wp","href":"https:\/\/api.w.org\/{rel}","templated":true}]}}