{"id":17222,"date":"2020-09-05T08:30:57","date_gmt":"2020-09-05T13:30:57","guid":{"rendered":"http:\/\/www.zonaroja.com.mx\/?p=17222"},"modified":"2020-09-05T09:58:18","modified_gmt":"2020-09-05T14:58:18","slug":"sin-pistas-de-medico-desaparecido-desde-hace-cinco-dias-en-jamiltepec","status":"publish","type":"post","link":"https:\/\/zonaroja.com.mx\/?p=17222","title":{"rendered":"Aparece muerto m\u00e9dico desaparecido desde hace cinco d\u00edas en Jamiltepec"},"content":{"rendered":"\n<p>Redacci\u00f3n\/Zona Roja.<\/p>\n\n\n\n<p>Oaxaca de Ju\u00e1rez, Oax., 5 de septiembre de 2020.- Este s\u00e1bado fue hallado muerto el m\u00e9dico Jovani Ram\u00edrez Carbajal, quien desapareci\u00f3 el pasado lunes afuera de una cl\u00ednica de Santiago Jamiltepec.<\/p>\n\n\n\n<p>De acuerdo con la ficha emitida por la Unidad de B\u00fasqueda de Personas Desaparecidas y no Localizadas, dependiente de la Fiscal\u00eda General del Estado de Oaxaca, el galeno de 33 a\u00f1os de edad fue visto por \u00faltima vez el 31 de agosto a las 16:14, al salir del nosocomio donde labora, el Hospital Rural 35 del Instituto Mexicano del Seguro Social (IMSS).<\/p>\n\n\n\n<p>Al momento de su desaparici\u00f3n, Jovani vest\u00eda un pantal\u00f3n negro, camisa color crema con puntos negros, zapatos caf\u00e9 y su bata blanca de trabajo y llevaba en la mano izquierda un termo.<\/p>\n\n\n\n<p>El doctor mide aproximadamente 1.65 metros, pesa 74 kilos, es de complexi\u00f3n media, tez morena claro, pelo negro semiondulado, cejas semi pobladas y ojos caf\u00e9 oscuro.<\/p>\n\n\n\n<p>Fue la ma\u00f1ana de este s\u00e1bado en que fue localizado sin vida el galeno y a\u00fan se desconocen las causas de su muerte. <\/p>\n","protected":false},"excerpt":{"rendered":"<p>Redacci\u00f3n\/Zona Roja. Oaxaca de Ju\u00e1rez, Oax., 5 de septiembre de 2020.- Este s\u00e1bado fue hallado&hellip;<\/p>\n","protected":false},"author":2,"featured_media":17223,"comment_status":"closed","ping_status":"open","sticky":false,"template":"","format":"standard","meta":{"_lmt_disableupdate":"","_lmt_disable":"","_jetpack_memberships_contains_paid_content":false,"footnotes":""},"categories":[109,47],"tags":[1988],"class_list":["post-17222","post","type-post","status-publish","format-standard","has-post-thumbnail","hentry","category-minuto-a-minuto","category-zona-gris","tag-medico-jovani-ramirez-carbajal"],"jetpack_featured_media_url":"https:\/\/zonaroja.com.mx\/wp-content\/uploads\/2020\/09\/Jovani-Ramirez-Carbajal.jpg","jetpack_sharing_enabled":true,"_links":{"self":[{"href":"https:\/\/zonaroja.com.mx\/index.php?rest_route=\/wp\/v2\/posts\/17222","targetHints":{"allow":["GET"]}}],"collection":[{"href":"https:\/\/zonaroja.com.mx\/index.php?rest_route=\/wp\/v2\/posts"}],"about":[{"href":"https:\/\/zonaroja.com.mx\/index.php?rest_route=\/wp\/v2\/types\/post"}],"author":[{"embeddable":true,"href":"https:\/\/zonaroja.com.mx\/index.php?rest_route=\/wp\/v2\/users\/2"}],"replies":[{"embeddable":true,"href":"https:\/\/zonaroja.com.mx\/index.php?rest_route=%2Fwp%2Fv2%2Fcomments&post=17222"}],"version-history":[{"count":3,"href":"https:\/\/zonaroja.com.mx\/index.php?rest_route=\/wp\/v2\/posts\/17222\/revisions"}],"predecessor-version":[{"id":17230,"href":"https:\/\/zonaroja.com.mx\/index.php?rest_route=\/wp\/v2\/posts\/17222\/revisions\/17230"}],"wp:featuredmedia":[{"embeddable":true,"href":"https:\/\/zonaroja.com.mx\/index.php?rest_route=\/wp\/v2\/media\/17223"}],"wp:attachment":[{"href":"https:\/\/zonaroja.com.mx\/index.php?rest_route=%2Fwp%2Fv2%2Fmedia&parent=17222"}],"wp:term":[{"taxonomy":"category","embeddable":true,"href":"https:\/\/zonaroja.com.mx\/index.php?rest_route=%2Fwp%2Fv2%2Fcategories&post=17222"},{"taxonomy":"post_tag","embeddable":true,"href":"https:\/\/zonaroja.com.mx\/index.php?rest_route=%2Fwp%2Fv2%2Ftags&post=17222"}],"curies":[{"name":"wp","href":"https:\/\/api.w.org\/{rel}","templated":true}]}}