{"id":17233,"date":"2020-09-05T13:51:52","date_gmt":"2020-09-05T18:51:52","guid":{"rendered":"http:\/\/www.zonaroja.com.mx\/?p=17233"},"modified":"2020-09-05T13:51:56","modified_gmt":"2020-09-05T18:51:56","slug":"destaca-la-uabjo-creacion-de-la-universidad-autonoma-comunal","status":"publish","type":"post","link":"https:\/\/zonaroja.com.mx\/?p=17233","title":{"rendered":"Destaca la UABJO creaci\u00f3n de la Universidad Aut\u00f3noma Comunal"},"content":{"rendered":"\n<p>Redacci\u00f3n\/Zona Roja.<\/p>\n\n\n\n<p>Oaxaca de Ju\u00e1rez, Oax., 5 de septiembre de 2020.- El rector de la UABJO, Eduardo Bautista Mart\u00ednez, destac\u00f3 la creaci\u00f3n de la Universidad Aut\u00f3noma Comunal de Oaxaca y reconoci\u00f3 el trabajo de sus impulsores.<\/p>\n\n\n\n<p>\u201cConvencido de que un proyecto de transformaci\u00f3n social no es viable sin la educaci\u00f3n de sus pueblos, nuestra instituci\u00f3n abraza el extraordinario proyecto de creaci\u00f3n de la instituci\u00f3n\u201d, expres\u00f3.<\/p>\n\n\n\n<p>Lo anterior en la reciente toma de protesta del Consejo Acad\u00e9mico de la mencionada instituci\u00f3n, donde destac\u00f3 el gran trabajo de Jaime Mart\u00ednez Luna, quien fue designado como rector.<\/p>\n\n\n\n<p>\u201cHemos compartido con Jaime importantes proyectos en la UABJO y logramos sembrar algunas semillas, como lo es la maestr\u00eda en Educaci\u00f3n Comunal y el impulso de la Licenciatura en Comunalidad, adem\u00e1s de su aportaci\u00f3n como docente en el Instituto de Ciencias de la Educaci\u00f3n (ICE)\u201d, refiri\u00f3.<\/p>\n\n\n\n<p>Por eso celebr\u00f3 que se abra esta oportunidad de estudios con proximidad a las realidades de los pueblos, que permita dar cuenta de los saberes de las comunidades, sus ra\u00edces, la riqueza de sus recursos naturales, el cuidado del medio ambiente, la ense\u00f1anza de la cultura y de las lenguas originarias.<\/p>\n\n\n\n<p>\u201cSin duda nuestra M\u00e1xima Casa de Estudios, acompa\u00f1ar\u00e1 este proyecto educativo, aportar\u00e1 su experiencia para la creaci\u00f3n de contenidos curriculares y mantendr\u00e1 estrecha relaci\u00f3n con la UACO, pues estoy seguro que los esfuerzos conjuntos generan grandes resultados\u201d, afirm\u00f3 Bautista Mart\u00ednez.<\/p>\n\n\n\n<p>En este acto celebrado en Santa Mar\u00eda Tlahuitoltepec, estuvieron presentes autoridades municipales, as\u00ed como diputadas y diputados de la 64 Legislatura del Congreso del Estado de Oaxaca.<\/p>\n\n\n\n<p>Durante esta ceremonia se entregaron nombramientos a las 15 personas que representar\u00e1n a igual n\u00famero de comunidades en donde se establecer\u00e1n los centros universitarios.<\/p>\n\n\n\n<p>Dichos espacios educativos creados con enfoque comunitario, humanista y cient\u00edfico, comenzar\u00e1n sus labores en Santa Mar\u00eda Tlahuitoltepec, Capulalpam de M\u00e9ndez, Santa Mar\u00eda Yaviche, Jaltepec de Candayoc, Guelatao de Ju\u00e1rez, San Pedro Amuzgos y Santa Mar\u00eda Colotepec. As\u00ed como Uni\u00f3n Hidalgo, San Francisco Ixhuat\u00e1n, San Pedro Comitancillo, Ciudad Ixtepec, Heroica Ciudad de Tlaxiaco, Mat\u00edas Romero, San Antonio Huitepec y San Andr\u00e9s Solaga<\/p>\n","protected":false},"excerpt":{"rendered":"<p>Redacci\u00f3n\/Zona Roja. Oaxaca de Ju\u00e1rez, Oax., 5 de septiembre de 2020.- El rector de la&hellip;<\/p>\n","protected":false},"author":2,"featured_media":17235,"comment_status":"closed","ping_status":"open","sticky":false,"template":"","format":"standard","meta":{"_lmt_disableupdate":"","_lmt_disable":"","_jetpack_memberships_contains_paid_content":false,"footnotes":""},"categories":[109,46],"tags":[360],"class_list":["post-17233","post","type-post","status-publish","format-standard","has-post-thumbnail","hentry","category-minuto-a-minuto","category-zona-blanca","tag-rector-eduardo-bautista-martinez"],"jetpack_featured_media_url":"https:\/\/zonaroja.com.mx\/wp-content\/uploads\/2020\/09\/UABJO-cOMUNAL-1.jpg","jetpack_sharing_enabled":true,"_links":{"self":[{"href":"https:\/\/zonaroja.com.mx\/index.php?rest_route=\/wp\/v2\/posts\/17233","targetHints":{"allow":["GET"]}}],"collection":[{"href":"https:\/\/zonaroja.com.mx\/index.php?rest_route=\/wp\/v2\/posts"}],"about":[{"href":"https:\/\/zonaroja.com.mx\/index.php?rest_route=\/wp\/v2\/types\/post"}],"author":[{"embeddable":true,"href":"https:\/\/zonaroja.com.mx\/index.php?rest_route=\/wp\/v2\/users\/2"}],"replies":[{"embeddable":true,"href":"https:\/\/zonaroja.com.mx\/index.php?rest_route=%2Fwp%2Fv2%2Fcomments&post=17233"}],"version-history":[{"count":1,"href":"https:\/\/zonaroja.com.mx\/index.php?rest_route=\/wp\/v2\/posts\/17233\/revisions"}],"predecessor-version":[{"id":17236,"href":"https:\/\/zonaroja.com.mx\/index.php?rest_route=\/wp\/v2\/posts\/17233\/revisions\/17236"}],"wp:featuredmedia":[{"embeddable":true,"href":"https:\/\/zonaroja.com.mx\/index.php?rest_route=\/wp\/v2\/media\/17235"}],"wp:attachment":[{"href":"https:\/\/zonaroja.com.mx\/index.php?rest_route=%2Fwp%2Fv2%2Fmedia&parent=17233"}],"wp:term":[{"taxonomy":"category","embeddable":true,"href":"https:\/\/zonaroja.com.mx\/index.php?rest_route=%2Fwp%2Fv2%2Fcategories&post=17233"},{"taxonomy":"post_tag","embeddable":true,"href":"https:\/\/zonaroja.com.mx\/index.php?rest_route=%2Fwp%2Fv2%2Ftags&post=17233"}],"curies":[{"name":"wp","href":"https:\/\/api.w.org\/{rel}","templated":true}]}}