{"id":1724,"date":"2019-06-20T20:47:37","date_gmt":"2019-06-21T01:47:37","guid":{"rendered":"http:\/\/www.zonaroja.com.mx\/?p=1724"},"modified":"2019-06-20T20:47:40","modified_gmt":"2019-06-21T01:47:40","slug":"tres-anos-despues-y-no-hay-justicia-para-ex-lider-de-la-cocei-asesinado","status":"publish","type":"post","link":"https:\/\/zonaroja.com.mx\/?p=1724","title":{"rendered":"Tres a\u00f1os despu\u00e9s y no hay justicia para ex l\u00edder de la COCEI asesinado"},"content":{"rendered":"\n<p>Redacci\u00f3n<\/p>\n\n\n\n<p>Oaxaca de\nJu\u00e1rez, Oax.- A punto de cumplir los tres a\u00f1os de ser asesinado en Juchit\u00e1n,\npara el ex dirigente de la Coalici\u00f3n Obrera Campesino Estudiantil del Istmo\n(COCEI) \u201cNueva Generaci\u00f3n\u201d, Rolando V\u00e1squez Castillejos, a\u00fan no hay justicia.<\/p>\n\n\n\n<p>Familiares y\namigos denunciaron hoy frente a la Casa Oficial de Gobierno, la dilaci\u00f3n de la\nFiscal\u00eda General del Estado, de no entregar resultados, pese a que se trata de\nun crimen de alto impacto, con tintes pol\u00edticos.<\/p>\n\n\n\n<p>Desde las\nsiete de la ma\u00f1ana, iniciaron su protesta con bloqueo a la avenida Ju\u00e1rez de la\nciudad de Oaxaca, para exigir justicia por el crimen.<\/p>\n\n\n\n<p>Encabezados\npor Ren\u00e9 V\u00e1squez Castillejos, demandaron que de una vez por todas se detenga a\nlos autores intelectuales del asesinato y no se libere a los autores materiales\nque se encuentran detenidos y para quienes exigen la pena m\u00e1xima.<\/p>\n\n\n\n<p>\u201cEstamos\npidiendo una mesa de alto nivel con las autoridades estatales, a fin de tomar\nacuerdos serios en los que se comprometa a hacer justicia y dejar atr\u00e1s la\ndilaci\u00f3n y la impunidad\u201d, dijo el tambi\u00e9n familiar del extinto l\u00edder.<\/p>\n\n\n\n<p>Lament\u00f3 asimismo\nque en la actualidad, la regi\u00f3n del Istmo este convulsionando por la violencia;\nsin embargo, aclar\u00f3 que pese a ello, no desistir\u00e1n en su exigencia de justicia\ny castigo a los responsables del artero crimen en el que perdi\u00f3 la vida su dirigente,\npor lo que no descartan continuar con sus protestas.<\/p>\n\n\n\n<p>Rolando\nV\u00e1squez Castillejos fue l\u00edder y fundador de la Coalici\u00f3n Obrera Campesino\nEstudiantil del Istmo (COCEI) \u201cNueva Generaci\u00f3n\u201d; su asesinato ocurri\u00f3 el 16 de\nagosto del 2016 cuando un grupo armado lo ataco mientras conduc\u00eda su veh\u00edculo\npersonal en un tramo carretero de la localidad de \u00c1lvaro Obreg\u00f3n, que lleva al\nmunicipio de Juchit\u00e1n de Zaragoza.<\/p>\n\n\n\n<p>La unidad de\nmotor recibi\u00f3 siete disparos y el extinto dirigente recibi\u00f3 dos impactos en el\npecho, los cuales fueron los causantes de su muerte.<\/p>\n","protected":false},"excerpt":{"rendered":"<p>Redacci\u00f3n Oaxaca de Ju\u00e1rez, Oax.- A punto de cumplir los tres a\u00f1os de ser asesinado&hellip;<\/p>\n","protected":false},"author":2,"featured_media":1725,"comment_status":"closed","ping_status":"open","sticky":false,"template":"","format":"standard","meta":{"_lmt_disableupdate":"","_lmt_disable":"","_jetpack_memberships_contains_paid_content":false,"footnotes":""},"categories":[109,51],"tags":[166,123,167,62],"class_list":["post-1724","post","type-post","status-publish","format-standard","has-post-thumbnail","hentry","category-minuto-a-minuto","category-zona-roja","tag-cocei","tag-juchitan-de-zaragoza","tag-rolando-vasquez-cstillejos","tag-ruben-vasconcelos"],"jetpack_featured_media_url":"https:\/\/zonaroja.com.mx\/wp-content\/uploads\/2019\/06\/Protesta-caso-Rolando-V\u00e1squez-Castillejos.jpg","jetpack_sharing_enabled":true,"_links":{"self":[{"href":"https:\/\/zonaroja.com.mx\/index.php?rest_route=\/wp\/v2\/posts\/1724","targetHints":{"allow":["GET"]}}],"collection":[{"href":"https:\/\/zonaroja.com.mx\/index.php?rest_route=\/wp\/v2\/posts"}],"about":[{"href":"https:\/\/zonaroja.com.mx\/index.php?rest_route=\/wp\/v2\/types\/post"}],"author":[{"embeddable":true,"href":"https:\/\/zonaroja.com.mx\/index.php?rest_route=\/wp\/v2\/users\/2"}],"replies":[{"embeddable":true,"href":"https:\/\/zonaroja.com.mx\/index.php?rest_route=%2Fwp%2Fv2%2Fcomments&post=1724"}],"version-history":[{"count":1,"href":"https:\/\/zonaroja.com.mx\/index.php?rest_route=\/wp\/v2\/posts\/1724\/revisions"}],"predecessor-version":[{"id":1726,"href":"https:\/\/zonaroja.com.mx\/index.php?rest_route=\/wp\/v2\/posts\/1724\/revisions\/1726"}],"wp:featuredmedia":[{"embeddable":true,"href":"https:\/\/zonaroja.com.mx\/index.php?rest_route=\/wp\/v2\/media\/1725"}],"wp:attachment":[{"href":"https:\/\/zonaroja.com.mx\/index.php?rest_route=%2Fwp%2Fv2%2Fmedia&parent=1724"}],"wp:term":[{"taxonomy":"category","embeddable":true,"href":"https:\/\/zonaroja.com.mx\/index.php?rest_route=%2Fwp%2Fv2%2Fcategories&post=1724"},{"taxonomy":"post_tag","embeddable":true,"href":"https:\/\/zonaroja.com.mx\/index.php?rest_route=%2Fwp%2Fv2%2Ftags&post=1724"}],"curies":[{"name":"wp","href":"https:\/\/api.w.org\/{rel}","templated":true}]}}