{"id":17244,"date":"2020-09-05T16:54:41","date_gmt":"2020-09-05T21:54:41","guid":{"rendered":"http:\/\/www.zonaroja.com.mx\/?p=17244"},"modified":"2020-09-05T16:54:46","modified_gmt":"2020-09-05T21:54:46","slug":"se-forma-tormenta-tropical-julio-y-amenaza-oaxaca-guerrero-y-michoacan","status":"publish","type":"post","link":"https:\/\/zonaroja.com.mx\/?p=17244","title":{"rendered":"Se forma Tormenta Tropical \u201cJulio\u201d y amenaza Oaxaca, Guerrero y Michoac\u00e1n"},"content":{"rendered":"\n<p>Redacci\u00f3n\/Zona Roja.<\/p>\n\n\n\n<p>Oaxaca de Ju\u00e1rez, Oax., 5 de septiembre de 2020.- La Comisi\u00f3n Nacional del Agua (Conagua) inform\u00f3 que a las 16:00 horas, tiempo del centro de M\u00e9xico, se form\u00f3 la Tormenta Tropical \u201cJulio\u201d, a partir de los remanentes de \u201cNana\u201d, al sur de las costas del estado de Guerrero.<\/p>\n\n\n\n<p>Su centro se localiz\u00f3 aproximadamente a 215 kil\u00f3metros (km) al sur-suroeste de Zihuatanejo, en Guerrero, tiene vientos m\u00e1ximos sostenidos de 65 kil\u00f3metros por hora (km\/h), rachas de 85 km\/h y desplazamiento hacia el oeste-noroeste a 31 km\/h.<\/p>\n\n\n\n<p>Se prev\u00e9 que su circulaci\u00f3n origine, durante las pr\u00f3ximas horas, lluvias de muy fuertes a intensas (de 75 a 150 mil\u00edmetros) en Guerrero, Michoac\u00e1n y Oaxaca, as\u00ed como rachas de viento de 60 a 70 km\/h y oleaje de uno a dos metros de altura en las costas de Oaxaca y Guerrero.<\/p>\n\n\n\n<p>Los modelos de pron\u00f3stico indican que su desplazamiento ser\u00eda paralelo a las costas del Pac\u00edfico mexicano.<\/p>\n\n\n\n<p>En los \u00faltimos d\u00edas, las lluvias han generado inundaciones y desplazamientos de tierra, por lo que se recomienda a la poblaci\u00f3n y a la navegaci\u00f3n mar\u00edtima, mantenerse atentos a los avisos del Servicio Meteorol\u00f3gico Nacional (SMN) y seguir las indicaciones de las autoridades municipales, estatales y de Protecci\u00f3n Civil.<\/p>\n","protected":false},"excerpt":{"rendered":"<p>Redacci\u00f3n\/Zona Roja. Oaxaca de Ju\u00e1rez, Oax., 5 de septiembre de 2020.- La Comisi\u00f3n Nacional del&hellip;<\/p>\n","protected":false},"author":2,"featured_media":17245,"comment_status":"closed","ping_status":"open","sticky":false,"template":"","format":"standard","meta":{"_lmt_disableupdate":"","_lmt_disable":"","_jetpack_memberships_contains_paid_content":false,"footnotes":""},"categories":[109,47],"tags":[1991],"class_list":["post-17244","post","type-post","status-publish","format-standard","has-post-thumbnail","hentry","category-minuto-a-minuto","category-zona-gris","tag-tormenta-tropical-julio"],"jetpack_featured_media_url":"https:\/\/zonaroja.com.mx\/wp-content\/uploads\/2020\/09\/Tormenta-tropical.png","jetpack_sharing_enabled":true,"_links":{"self":[{"href":"https:\/\/zonaroja.com.mx\/index.php?rest_route=\/wp\/v2\/posts\/17244","targetHints":{"allow":["GET"]}}],"collection":[{"href":"https:\/\/zonaroja.com.mx\/index.php?rest_route=\/wp\/v2\/posts"}],"about":[{"href":"https:\/\/zonaroja.com.mx\/index.php?rest_route=\/wp\/v2\/types\/post"}],"author":[{"embeddable":true,"href":"https:\/\/zonaroja.com.mx\/index.php?rest_route=\/wp\/v2\/users\/2"}],"replies":[{"embeddable":true,"href":"https:\/\/zonaroja.com.mx\/index.php?rest_route=%2Fwp%2Fv2%2Fcomments&post=17244"}],"version-history":[{"count":1,"href":"https:\/\/zonaroja.com.mx\/index.php?rest_route=\/wp\/v2\/posts\/17244\/revisions"}],"predecessor-version":[{"id":17246,"href":"https:\/\/zonaroja.com.mx\/index.php?rest_route=\/wp\/v2\/posts\/17244\/revisions\/17246"}],"wp:featuredmedia":[{"embeddable":true,"href":"https:\/\/zonaroja.com.mx\/index.php?rest_route=\/wp\/v2\/media\/17245"}],"wp:attachment":[{"href":"https:\/\/zonaroja.com.mx\/index.php?rest_route=%2Fwp%2Fv2%2Fmedia&parent=17244"}],"wp:term":[{"taxonomy":"category","embeddable":true,"href":"https:\/\/zonaroja.com.mx\/index.php?rest_route=%2Fwp%2Fv2%2Fcategories&post=17244"},{"taxonomy":"post_tag","embeddable":true,"href":"https:\/\/zonaroja.com.mx\/index.php?rest_route=%2Fwp%2Fv2%2Ftags&post=17244"}],"curies":[{"name":"wp","href":"https:\/\/api.w.org\/{rel}","templated":true}]}}