{"id":17247,"date":"2020-09-05T17:10:21","date_gmt":"2020-09-05T22:10:21","guid":{"rendered":"http:\/\/www.zonaroja.com.mx\/?p=17247"},"modified":"2020-09-05T17:10:26","modified_gmt":"2020-09-05T22:10:26","slug":"pierde-la-vida-40-de-pacientes-con-covid-que-atendidos-con-ventilador","status":"publish","type":"post","link":"https:\/\/zonaroja.com.mx\/?p=17247","title":{"rendered":"Pierde la vida 40% de pacientes con Covid que atendidos con ventilador"},"content":{"rendered":"\n<p>Redacci\u00f3n\/Zona Roja.<\/p>\n\n\n\n<p>Oaxaca de Ju\u00e1rez, Oax., 5 de septiembre de 2020.- Aproximadamente el 40 por ciento de las personas atendidas por Covid-19 y que llegan a utilizar ventilador mec\u00e1nico muere, incluso si han recibido un tratamiento m\u00e9dico intensivo, informaron los Servicios de Salud de Oaxaca.<\/p>\n\n\n\n<p>Este procedimiento se realiza cuando las dem\u00e1s alternativas de aporte de ox\u00edgeno (puntas nasales, mascarilla reservorio) no han tenido el \u00e9xito esperado, detall\u00f3 la dependencia del Gobierno del Estado.<\/p>\n\n\n\n<p>En un comunicado, indic\u00f3 que entre las secuelas de la ventilaci\u00f3n mec\u00e1nica se encuentran: dolor para la degluci\u00f3n, neumon\u00eda por aspiraci\u00f3n, traumas psicol\u00f3gicos que requerir\u00e1n terapia y p\u00e9rdida de masa muscular.<\/p>\n\n\n\n<p>Por ello, convoc\u00f3 a la poblaci\u00f3n a estar alerta de los s\u00edntomas de Covid-19 y actuar a tiempo para evitar complicaciones respiratorias a causa de esta enfermedad<\/p>\n\n\n\n<p>Hizo un llamado a no relajar las medidas sanitarias contra esta enfermedad, pues, aunque el ritmo de contagio ha disminuido, contin\u00faa activa en la entidad y es necesario la participaci\u00f3n de todas las personas, principalmente de las \u00e1reas metropolitanas.<\/p>\n\n\n\n<p>El subdirector general de la instituci\u00f3n, Juan Carlos M\u00e1rquez Heine, explic\u00f3 que el nuevo coronavirus en la mayor\u00eda de los casos produce s\u00edntomas ligeros, como son perdida de olor y sabor similares a los de una gripe.<\/p>\n\n\n\n<p>No obstante, en algunos grupos de la poblaci\u00f3n en los que la carga viral ha sido alta y coincidente con un sistema inmunitario debilitado (edad avanzada, enfermedades del sistema inmune u otras patolog\u00edas), provoca insuficiencia respiratoria grave.<\/p>\n\n\n\n<p>\u201cEstos pacientes presentan cifras de ox\u00edgeno muy bajas, debido a una muy importante inflamaci\u00f3n en los pulmones, la cual impide la entrada necesaria de ox\u00edgeno a todo el cuerpo, por lo que se requiere de la intubaci\u00f3n y conexi\u00f3n a ventiladores mec\u00e1nicos para conseguir evitar el agotamiento y proporcionar una oxigenaci\u00f3n adecuada a los tejidos, hasta la recuperaci\u00f3n del padecimiento\u201d, dijo.<\/p>\n\n\n\n<p>De ah\u00ed la importancia de extremar las medidas de protecci\u00f3n. \u201cHasta que no exista vacuna o un tratamiento comprobado efectivo no se debe bajar la guardia, a\u00fan no es momento de confiarse, la forma m\u00e1s sencilla e importante para evitar el contagio del virus, es el lavado de manos de manera frecuente con agua y jab\u00f3n, evitar tocarse el rostro, sana distancia, as\u00ed como el uso y desecho correcto del cubrebocas\u201d, apunt\u00f3.<\/p>\n\n\n\n<p>Finalmente, M\u00e1rquez Heine mencion\u00f3 que, si se tiene un paciente en casa y presenta desorientaci\u00f3n, dedos morados, piel fr\u00eda acompa\u00f1ada de sudoraci\u00f3n y con la respiraci\u00f3n r\u00e1pida o alg\u00fan grado de esfuerzo respiratorio, se debe llevar de manera inmediata a urgencias.<\/p>\n","protected":false},"excerpt":{"rendered":"<p>Redacci\u00f3n\/Zona Roja. Oaxaca de Ju\u00e1rez, Oax., 5 de septiembre de 2020.- Aproximadamente el 40 por&hellip;<\/p>\n","protected":false},"author":2,"featured_media":17248,"comment_status":"closed","ping_status":"open","sticky":false,"template":"","format":"standard","meta":{"_lmt_disableupdate":"","_lmt_disable":"","_jetpack_memberships_contains_paid_content":false,"footnotes":""},"categories":[109,47],"tags":[1512],"class_list":["post-17247","post","type-post","status-publish","format-standard","has-post-thumbnail","hentry","category-minuto-a-minuto","category-zona-gris","tag-coronavirus-oaxaca"],"jetpack_featured_media_url":"https:\/\/zonaroja.com.mx\/wp-content\/uploads\/2020\/09\/Paciente-Covid-ventilador.jpg","jetpack_sharing_enabled":true,"_links":{"self":[{"href":"https:\/\/zonaroja.com.mx\/index.php?rest_route=\/wp\/v2\/posts\/17247","targetHints":{"allow":["GET"]}}],"collection":[{"href":"https:\/\/zonaroja.com.mx\/index.php?rest_route=\/wp\/v2\/posts"}],"about":[{"href":"https:\/\/zonaroja.com.mx\/index.php?rest_route=\/wp\/v2\/types\/post"}],"author":[{"embeddable":true,"href":"https:\/\/zonaroja.com.mx\/index.php?rest_route=\/wp\/v2\/users\/2"}],"replies":[{"embeddable":true,"href":"https:\/\/zonaroja.com.mx\/index.php?rest_route=%2Fwp%2Fv2%2Fcomments&post=17247"}],"version-history":[{"count":1,"href":"https:\/\/zonaroja.com.mx\/index.php?rest_route=\/wp\/v2\/posts\/17247\/revisions"}],"predecessor-version":[{"id":17249,"href":"https:\/\/zonaroja.com.mx\/index.php?rest_route=\/wp\/v2\/posts\/17247\/revisions\/17249"}],"wp:featuredmedia":[{"embeddable":true,"href":"https:\/\/zonaroja.com.mx\/index.php?rest_route=\/wp\/v2\/media\/17248"}],"wp:attachment":[{"href":"https:\/\/zonaroja.com.mx\/index.php?rest_route=%2Fwp%2Fv2%2Fmedia&parent=17247"}],"wp:term":[{"taxonomy":"category","embeddable":true,"href":"https:\/\/zonaroja.com.mx\/index.php?rest_route=%2Fwp%2Fv2%2Fcategories&post=17247"},{"taxonomy":"post_tag","embeddable":true,"href":"https:\/\/zonaroja.com.mx\/index.php?rest_route=%2Fwp%2Fv2%2Ftags&post=17247"}],"curies":[{"name":"wp","href":"https:\/\/api.w.org\/{rel}","templated":true}]}}